{"id":1328,"date":"2018-10-16T22:00:33","date_gmt":"2018-10-16T22:00:33","guid":{"rendered":"https:\/\/gppg.prs.hr\/?p=1328"},"modified":"2018-12-03T21:40:20","modified_gmt":"2018-12-03T21:40:20","slug":"sastanak-na-temu-izrade-smjernica-za-zastitu-djeteta","status":"publish","type":"post","link":"https:\/\/gppg.prs.hr\/?p=1328","title":{"rendered":"Sastanak na temu izrade smjernica za za\u0161titu djeteta"},"content":{"rendered":"<p>16.10.2018. je u okviru EU projekta <em>&#8220;Jednaka prava &#8211; jednake pla\u0107e &#8211; jednake mirovine, \u0161irenje opsega implementacije akcija i zakonskih standarda rodne ravnopravnosti s ciljem dostizanja rodne ravnopravnosti i sprje\u010davanja siroma\u0161tva u Hrvatskoj<\/em>&#8221; odr\u017ean sastanak na temu izrade smjernica za za\u0161titu djeteta koje \u0107e slu\u017eiti u provedbi aktivnosti koje uklju\u010duju u\u010denike\/ce srednjih \u0161kola: istra\u017eivanje, edukacija i snimanje dokumentarnog filma.<\/p>\n<p>Na sastanku odr\u017eanom u prostorijama Pravobraniteljice razgovaralo se o za\u0161titi podataka i sprje\u010davanju njihove zlouporabe te mehanizmima za\u0161tite djece u aktivnostima projekta, a sudjelovali\/e su Josip \u0160ipi\u0107 ispred Instituta za dru\u0161tvena istra\u017eivanja u Zagrebu, Anamarija Tkal\u010dec ispred Centra za edukaciju savjetovanje i istra\u017eivanje \u2013 CESI, pravobraniteljica za ravnopravnost spolova Vi\u0161nja Ljubi\u010di\u0107 sa suradnicima\/ama \u010dlanovima\/icama projekta Mladenkom Morovi\u0107, Josipom Grgi\u0107em, koordinatoricom projekta Sandom Brumen te projektnim koordinatorom VAWA projekta Sr\u0111anom Ker\u010devi\u0107em.<\/p>\n","protected":false},"excerpt":{"rendered":"<p>16.10.2018. je u okviru EU projekta &#8220;Jednaka prava &#8211; jednake pla\u0107e &#8211; jednake mirovine, \u0161irenje opsega implementacije akcija i zakonskih standarda rodne ravnopravnosti s ciljem dostizanja rodne ravnopravnosti i sprje\u010davanja siroma\u0161tva u Hrvatskoj&#8221; odr\u017ean sastanak na temu izrade smjernica za za\u0161titu djeteta koje \u0107e slu\u017eiti u provedbi aktivnosti koje uklju\u010duju u\u010denike\/ce srednjih \u0161kola: istra\u017eivanje, edukacija &hellip; <a href=\"https:\/\/gppg.prs.hr\/?p=1328\" class=\"more-link\">Continue reading<span class=\"screen-reader-text\"> &#8220;Sastanak na temu izrade smjernica za za\u0161titu djeteta&#8221;<\/span><\/a><\/p>\n","protected":false},"author":2,"featured_media":1329,"comment_status":"closed","ping_status":"closed","sticky":false,"template":"","format":"standard","meta":{"footnotes":""},"categories":[26],"tags":[],"class_list":["post-1328","post","type-post","status-publish","format-standard","has-post-thumbnail","hentry","category-vijesti"],"_links":{"self":[{"href":"https:\/\/gppg.prs.hr\/index.php?rest_route=\/wp\/v2\/posts\/1328","targetHints":{"allow":["GET"]}}],"collection":[{"href":"https:\/\/gppg.prs.hr\/index.php?rest_route=\/wp\/v2\/posts"}],"about":[{"href":"https:\/\/gppg.prs.hr\/index.php?rest_route=\/wp\/v2\/types\/post"}],"author":[{"embeddable":true,"href":"https:\/\/gppg.prs.hr\/index.php?rest_route=\/wp\/v2\/users\/2"}],"replies":[{"embeddable":true,"href":"https:\/\/gppg.prs.hr\/index.php?rest_route=%2Fwp%2Fv2%2Fcomments&post=1328"}],"version-history":[{"count":0,"href":"https:\/\/gppg.prs.hr\/index.php?rest_route=\/wp\/v2\/posts\/1328\/revisions"}],"wp:featuredmedia":[{"embeddable":true,"href":"https:\/\/gppg.prs.hr\/index.php?rest_route=\/wp\/v2\/media\/1329"}],"wp:attachment":[{"href":"https:\/\/gppg.prs.hr\/index.php?rest_route=%2Fwp%2Fv2%2Fmedia&parent=1328"}],"wp:term":[{"taxonomy":"category","embeddable":true,"href":"https:\/\/gppg.prs.hr\/index.php?rest_route=%2Fwp%2Fv2%2Fcategories&post=1328"},{"taxonomy":"post_tag","embeddable":true,"href":"https:\/\/gppg.prs.hr\/index.php?rest_route=%2Fwp%2Fv2%2Ftags&post=1328"}],"curies":[{"name":"wp","href":"https:\/\/api.w.org\/{rel}","templated":true}]}}