{"id":1331,"date":"2018-10-16T22:00:53","date_gmt":"2018-10-16T22:00:53","guid":{"rendered":"https:\/\/gppg.prs.hr\/?p=1331"},"modified":"2018-12-03T21:41:27","modified_gmt":"2018-12-03T21:41:27","slug":"meeting-on-child-protection-policy","status":"publish","type":"post","link":"https:\/\/gppg.prs.hr\/?p=1331&lang=en","title":{"rendered":"Meeting on child protection policy"},"content":{"rendered":"<p>On 16 October 2018 meeting regarding child protection policy within EU project <em>\u201cEqual rights \u2013 Equal Pay \u2013 Equal Pensions\u201d &#8211; Expanding the scope of implementation of gender equality actions and legal standards towards achieving gender equality and combating poverty in Croatia <\/em>was held in the office of The Ombudsperson for Gender Equality. Child protection policy will be used by employees, partners and associates of the Ombudsperson for Gender Equality who work directly with\/have contact with children in following activities: survey, education and video.<\/p>\n<p>Relevant topics for discussion were: personal data protection, prevention of data misuse and child protection mechanism. Participants were: Josip \u0160ipi\u0107, Institute for Social Research in Zagreb, Anamarija Tkal\u010dec, CESI \u2013 Centre for Education, Counselling and Research. Representatives of the Ombudsperson for Gender Equality: Vi\u0161nja Ljubi\u010di\u0107, Ombudsperson for Gender Equality, project manager \u2013 Coordinator of EU project, Mladenka Morovi\u0107, project assistant, Josip Grgi\u0107, Sanda Brumen, project coordinator, Sr\u0111an Ker\u010devi\u0107, project coordinator of EU project VAWA.<\/p>\n","protected":false},"excerpt":{"rendered":"<p>On 16 October 2018 meeting regarding child protection policy within EU project \u201cEqual rights \u2013 Equal Pay \u2013 Equal Pensions\u201d &#8211; Expanding the scope of implementation of gender equality actions and legal standards towards achieving gender equality and combating poverty in Croatia was held in the office of The Ombudsperson for Gender Equality. Child protection &hellip; <a href=\"https:\/\/gppg.prs.hr\/?p=1331&#038;lang=en\" class=\"more-link\">Continue reading<span class=\"screen-reader-text\"> &#8220;Meeting on child protection policy&#8221;<\/span><\/a><\/p>\n","protected":false},"author":2,"featured_media":1329,"comment_status":"closed","ping_status":"closed","sticky":false,"template":"","format":"standard","meta":{"footnotes":""},"categories":[28],"tags":[],"class_list":["post-1331","post","type-post","status-publish","format-standard","has-post-thumbnail","hentry","category-news"],"_links":{"self":[{"href":"https:\/\/gppg.prs.hr\/index.php?rest_route=\/wp\/v2\/posts\/1331","targetHints":{"allow":["GET"]}}],"collection":[{"href":"https:\/\/gppg.prs.hr\/index.php?rest_route=\/wp\/v2\/posts"}],"about":[{"href":"https:\/\/gppg.prs.hr\/index.php?rest_route=\/wp\/v2\/types\/post"}],"author":[{"embeddable":true,"href":"https:\/\/gppg.prs.hr\/index.php?rest_route=\/wp\/v2\/users\/2"}],"replies":[{"embeddable":true,"href":"https:\/\/gppg.prs.hr\/index.php?rest_route=%2Fwp%2Fv2%2Fcomments&post=1331"}],"version-history":[{"count":0,"href":"https:\/\/gppg.prs.hr\/index.php?rest_route=\/wp\/v2\/posts\/1331\/revisions"}],"wp:featuredmedia":[{"embeddable":true,"href":"https:\/\/gppg.prs.hr\/index.php?rest_route=\/wp\/v2\/media\/1329"}],"wp:attachment":[{"href":"https:\/\/gppg.prs.hr\/index.php?rest_route=%2Fwp%2Fv2%2Fmedia&parent=1331"}],"wp:term":[{"taxonomy":"category","embeddable":true,"href":"https:\/\/gppg.prs.hr\/index.php?rest_route=%2Fwp%2Fv2%2Fcategories&post=1331"},{"taxonomy":"post_tag","embeddable":true,"href":"https:\/\/gppg.prs.hr\/index.php?rest_route=%2Fwp%2Fv2%2Ftags&post=1331"}],"curies":[{"name":"wp","href":"https:\/\/api.w.org\/{rel}","templated":true}]}}