{"id":1333,"date":"2018-10-19T22:00:48","date_gmt":"2018-10-19T22:00:48","guid":{"rendered":"https:\/\/gppg.prs.hr\/?p=1333"},"modified":"2020-09-14T09:46:27","modified_gmt":"2020-09-14T09:46:27","slug":"projekt-predstavljen-na-kongresu-studenata-prava","status":"publish","type":"post","link":"https:\/\/gppg.prs.hr\/?p=1333","title":{"rendered":"Projekt predstavljen na Kongresu studenata prava"},"content":{"rendered":"<p>Projekt \u201eJednaka prava-jednake pla\u0107e-jednake mirovine\u201c predstavljen je na 10. Kongresu studenata prava. Pravobraniteljica za ravnopravnost spolova odazvala se pozivu za sudjelovanje na 10. Kongresu studenata prava u organizaciji Udruge Pravnik pod nazivom \u201e70 godina Op\u0107e deklaracije o ljudskim pravima\u201c, a pod pokroviteljstvom predsjednice Republike Hrvatske Kolinde Grabar Kitarovi\u0107. Trodnevni Kongres okupio je brojne stru\u010dnjake\/inje, znanstvenike\/ce i prakti\u010dare\/ke. Kako bi im pribli\u017eila antidiskriminacijski zakonodavni okvir i ovlasti Pravobraniteljice, savjetnica Martina Strunjak, je ispred institucije Pravobraniteljice za ravnopravnost spolova odr\u017eala predavanje sudionicima i sudionicama te opisala slu\u010dajeve iz prakse s ciljem osvje\u0161\u0107ivanja ukorijenjenosti i ra\u0161irenosti problematike diskriminacije temeljem spola u na\u0161em dru\u0161tvu.<br \/>\nNakon upoznavanja studenata i studentica s ulogom Pravobraniteljice u ostvarivanju na\u010dela ravnopravnosti spolova, koordinator za EU projekt, Sr\u0111an Ker\u010devi\u0107 izlo\u017eio je aktivnosti koje su u posljednjih godinu i pol dana poduzete u okviru projekta naziva \u201eIzgradnja efikasnije za\u0161tite: promjena sustava za borbu protiv nasilja nad \u017eenama\u201c, \u010dija je nositeljica Pravobraniteljica, dok je koordinatorica za EU projekt, Sanda Brumen najavila ciljeve novog projekta \u201eJednaka prava-jednake pla\u0107e-jednake mirovine\u201c.<\/p>\n<p><a href=\"https:\/\/gppg.prs.hr\/?p=3062\"><strong>FOTO GALERIJA<\/strong><\/a><\/p>\n","protected":false},"excerpt":{"rendered":"<p>Projekt \u201eJednaka prava-jednake pla\u0107e-jednake mirovine\u201c predstavljen je na 10. Kongresu studenata prava. Pravobraniteljica za ravnopravnost spolova odazvala se pozivu za sudjelovanje na 10. Kongresu studenata prava u organizaciji Udruge Pravnik pod nazivom \u201e70 godina Op\u0107e deklaracije o ljudskim pravima\u201c, a pod pokroviteljstvom predsjednice Republike Hrvatske Kolinde Grabar Kitarovi\u0107. Trodnevni Kongres okupio je brojne stru\u010dnjake\/inje, znanstvenike\/ce &hellip; <a href=\"https:\/\/gppg.prs.hr\/?p=1333\" class=\"more-link\">Continue reading<span class=\"screen-reader-text\"> &#8220;Projekt predstavljen na Kongresu studenata prava&#8221;<\/span><\/a><\/p>\n","protected":false},"author":2,"featured_media":1334,"comment_status":"closed","ping_status":"closed","sticky":false,"template":"","format":"standard","meta":{"footnotes":""},"categories":[26],"tags":[],"class_list":["post-1333","post","type-post","status-publish","format-standard","has-post-thumbnail","hentry","category-vijesti"],"_links":{"self":[{"href":"https:\/\/gppg.prs.hr\/index.php?rest_route=\/wp\/v2\/posts\/1333","targetHints":{"allow":["GET"]}}],"collection":[{"href":"https:\/\/gppg.prs.hr\/index.php?rest_route=\/wp\/v2\/posts"}],"about":[{"href":"https:\/\/gppg.prs.hr\/index.php?rest_route=\/wp\/v2\/types\/post"}],"author":[{"embeddable":true,"href":"https:\/\/gppg.prs.hr\/index.php?rest_route=\/wp\/v2\/users\/2"}],"replies":[{"embeddable":true,"href":"https:\/\/gppg.prs.hr\/index.php?rest_route=%2Fwp%2Fv2%2Fcomments&post=1333"}],"version-history":[{"count":2,"href":"https:\/\/gppg.prs.hr\/index.php?rest_route=\/wp\/v2\/posts\/1333\/revisions"}],"predecessor-version":[{"id":3183,"href":"https:\/\/gppg.prs.hr\/index.php?rest_route=\/wp\/v2\/posts\/1333\/revisions\/3183"}],"wp:featuredmedia":[{"embeddable":true,"href":"https:\/\/gppg.prs.hr\/index.php?rest_route=\/wp\/v2\/media\/1334"}],"wp:attachment":[{"href":"https:\/\/gppg.prs.hr\/index.php?rest_route=%2Fwp%2Fv2%2Fmedia&parent=1333"}],"wp:term":[{"taxonomy":"category","embeddable":true,"href":"https:\/\/gppg.prs.hr\/index.php?rest_route=%2Fwp%2Fv2%2Fcategories&post=1333"},{"taxonomy":"post_tag","embeddable":true,"href":"https:\/\/gppg.prs.hr\/index.php?rest_route=%2Fwp%2Fv2%2Ftags&post=1333"}],"curies":[{"name":"wp","href":"https:\/\/api.w.org\/{rel}","templated":true}]}}