{"id":1501,"date":"2018-12-06T22:00:26","date_gmt":"2018-12-06T22:00:26","guid":{"rendered":"https:\/\/gppg.prs.hr\/?p=1501"},"modified":"2018-12-07T11:34:01","modified_gmt":"2018-12-07T11:34:01","slug":"odrzan-je-sastanak-u-vezi-suradnje-na-projektu-jednaka-prava-jednake-place-jednake-mirovine","status":"publish","type":"post","link":"https:\/\/gppg.prs.hr\/?p=1501","title":{"rendered":"Odr\u017ean je sastanak u vezi suradnje na projektu\u00a0 &#8220;Jednaka prava &#8211; jednake pla\u0107e &#8211; jednake mirovine&#8221;"},"content":{"rendered":"<p>Odr\u017ean je sastanak s institucijama koje podr\u017eavaju projekt\u00a0 &#8220;Jednaka prava &#8211; jednake pla\u0107e &#8211; jednake mirovine&#8221; na temu budu\u0107e suradnje na projektu. Razgovaralo se o suradnji na razvijanju strate\u0161kog dokumenta koji \u0107e osigurati standarde i pozitivne mjere za postizanje rodne ravnopravnosti na tr\u017ei\u0161tu rada i u mirovinskom sustavu, o dostupnosti statisti\u010dkih podataka koji su potrebni za analizu i istra\u017eivanja rodne nejednakosti u pla\u0107ama i mirovinama te o suglasnosti za provo\u0111enje istra\u017eivanja rodnih stereotipa u \u0161kolama na populaciji mladih ljudi pri odabiru zanimanja. Na sastanku su sudjelovale\/i Vesna Jakopec iz Ministarstva rada i mirovinskog sustava, Jagoda Boti\u010dki iz Ministarstva uprave, Tihana Sabolek iz Dr\u017eavnog zavoda za statistiku, Snje\u017eana Gernhardt iz Ministarstva znanosti i obrazovanja te pravobraniteljica za ravnopravnost spolova Vi\u0161nja Ljubi\u010di\u0107 sa suradnicima\/ama \u010dlanovima\/icama projekta Mladenkom Morovi\u0107, koordinatoricom projekta Sandom Brumen te projektnim koordinatorom VAWA projekta Sr\u0111anom Ker\u010devi\u0107em.<\/p>\n","protected":false},"excerpt":{"rendered":"<p>Odr\u017ean je sastanak s institucijama koje podr\u017eavaju projekt\u00a0 &#8220;Jednaka prava &#8211; jednake pla\u0107e &#8211; jednake mirovine&#8221; na temu budu\u0107e suradnje na projektu. Razgovaralo se o suradnji na razvijanju strate\u0161kog dokumenta koji \u0107e osigurati standarde i pozitivne mjere za postizanje rodne ravnopravnosti na tr\u017ei\u0161tu rada i u mirovinskom sustavu, o dostupnosti statisti\u010dkih podataka koji su potrebni &hellip; <a href=\"https:\/\/gppg.prs.hr\/?p=1501\" class=\"more-link\">Continue reading<span class=\"screen-reader-text\"> &#8220;Odr\u017ean je sastanak u vezi suradnje na projektu\u00a0 &#8220;Jednaka prava &#8211; jednake pla\u0107e &#8211; jednake mirovine&#8221;&#8221;<\/span><\/a><\/p>\n","protected":false},"author":2,"featured_media":1502,"comment_status":"closed","ping_status":"closed","sticky":false,"template":"","format":"standard","meta":{"footnotes":""},"categories":[26],"tags":[],"class_list":["post-1501","post","type-post","status-publish","format-standard","has-post-thumbnail","hentry","category-vijesti"],"_links":{"self":[{"href":"https:\/\/gppg.prs.hr\/index.php?rest_route=\/wp\/v2\/posts\/1501","targetHints":{"allow":["GET"]}}],"collection":[{"href":"https:\/\/gppg.prs.hr\/index.php?rest_route=\/wp\/v2\/posts"}],"about":[{"href":"https:\/\/gppg.prs.hr\/index.php?rest_route=\/wp\/v2\/types\/post"}],"author":[{"embeddable":true,"href":"https:\/\/gppg.prs.hr\/index.php?rest_route=\/wp\/v2\/users\/2"}],"replies":[{"embeddable":true,"href":"https:\/\/gppg.prs.hr\/index.php?rest_route=%2Fwp%2Fv2%2Fcomments&post=1501"}],"version-history":[{"count":0,"href":"https:\/\/gppg.prs.hr\/index.php?rest_route=\/wp\/v2\/posts\/1501\/revisions"}],"wp:featuredmedia":[{"embeddable":true,"href":"https:\/\/gppg.prs.hr\/index.php?rest_route=\/wp\/v2\/media\/1502"}],"wp:attachment":[{"href":"https:\/\/gppg.prs.hr\/index.php?rest_route=%2Fwp%2Fv2%2Fmedia&parent=1501"}],"wp:term":[{"taxonomy":"category","embeddable":true,"href":"https:\/\/gppg.prs.hr\/index.php?rest_route=%2Fwp%2Fv2%2Fcategories&post=1501"},{"taxonomy":"post_tag","embeddable":true,"href":"https:\/\/gppg.prs.hr\/index.php?rest_route=%2Fwp%2Fv2%2Ftags&post=1501"}],"curies":[{"name":"wp","href":"https:\/\/api.w.org\/{rel}","templated":true}]}}