{"id":1811,"date":"2018-11-06T22:00:52","date_gmt":"2018-11-06T22:00:52","guid":{"rendered":"https:\/\/gppg.prs.hr\/?p=1811"},"modified":"2021-02-25T15:12:12","modified_gmt":"2021-02-25T15:12:12","slug":"predstavljanje-projekta-jednaka-prava-jednake-place-jednake-mirovine-6-11-2018","status":"publish","type":"post","link":"https:\/\/gppg.prs.hr\/?p=1811","title":{"rendered":"Uvodna konferencija i performans, 6.11.2018."},"content":{"rendered":"\n<p><strong><a href=\"https:\/\/www.youtube.com\/watch?v=JE4sewpm0G4&amp;t=198s\">Uvodna konferencija i performans &#8211; video, 6.11.2018.<\/a><\/strong><\/p>\n\n\n\n<p>U organizaciji Pravobraniteljice za ravnopravnost spolova u Hrvatskom saboru je predstavljen novi EU projekt <em>\u201cJednaka prava \u2013 jednake pla\u0107e \u2013 jednake mirovine\u201d \u2013 \u0160irenje opsega implementacije akcija i zakonskih standarda rodne ravnopravnosti s ciljem dostizanja rodne ravnopravnosti i sprje\u010davanja siroma\u0161tva u Hrvatskoj<\/em>. Projekt su predstavili nositeljica projekta, Pravobraniteljica za ravnopravnost spolova, partneri na projektu Institut za dru\u0161tvena istra\u017eivanja u Zagrebu, CESI-Centar za edukaciju, savjetovanje i istra\u017eivanje, Sindikat umirovljenika Hrvatske i Institut za ravnopravnost mu\u0161karaca i \u017eena iz Belgije, kao i tri institucije koje podr\u017eavaju projekt: Dr\u017eavni zavod za statistiku, Ministarstvo znanosti i obrazovanja i Ministarstvo uprave.<\/p>\n\n\n\n<p>Doga\u0111anje je otvorila pravobraniteljica za ravnopravnost spolova, Vi\u0161nja Ljubi\u010di\u0107, koja se ukratko osvrnula na trenuta\u010dnu situaciju vezanu uz jaz u pla\u0107ama i jaz u mirovinama izme\u0111u \u017eena i mu\u0161karaca te predstavila ciljeve projekta, projektne partnere, podr\u017eavaju\u0107e institucije,vrijednost i trajanje projekta te glavne aktivnosti i o\u010dekivane rezultate.<\/p>\n\n\n\n<p>U svom izlaganju naglasila je da smo 3. studenog obilje\u017eili Europski dan jednakih pla\u0107a, dan kada \u017eene, za razliku od svojih mu\u0161kih kolega, simboli\u010dno prestaju primati pla\u0107u te sljede\u0107a dva mjeseca rade besplatno. U EU \u017eene zara\u0111uju 16,2% manje od mu\u0161karaca, a u RH oko 11%. Uzroci nejednakih pla\u0107a su vi\u0161estruki, a uklju\u010duju \u010dinjenicu da \u017eene \u010de\u0161\u0107e rade u nepunom radnom vremenu, da rade u slabije pla\u0107enim sektorima, da se pri napredovanju suo\u010davaju sa staklenim stropom te da \u010de\u0161\u0107e moraju preuzimati odgovornost za obiteljske i ku\u0107anske obveze. Prema podacima Dr\u017eavnog zavoda za statistiku za 2015. godinu, prosje\u010dna mjese\u010dna bruto pla\u0107a \u017eena u Republici Hrvatskoj iznosila je 7.471 KN, dok je za mu\u0161karce iznosila 8.422 KN, \u0161to zna\u010di da su \u017eene zara\u0111ivale 11,3% manje nego mu\u0161karci. Dulje vrijeme ukazujemo kako bi ovakva statistika mogla biti rezultat vertikalne segregacije, odnosno situacije da se \u017eene u spomenutim podru\u010djima djelatnosti tradicionalno zapo\u0161ljavaju na hijerarhijski ni\u017eim pozicijama koje su povezane s ni\u017eom zaradom.<\/p>\n\n\n\n<p>Jaz u mirovinama izravno je povezan s postoje\u0107im jazom u pla\u0107ama te se na taj na\u010din nepovoljniji polo\u017eaj \u017eena i povi\u0161en rizik od njihovog siroma\u0161tva nastavlja i nakon izlaska s tr\u017ei\u0161ta rada. Jaz u mirovinama mu\u0161karaca i \u017eena u Republici Hrvatskoj 2014. godine je iznosio 20,4% a u Europskoj uniji iznosi visokih 36,6%.<\/p>\n\n\n\n<p>Razlikom u mirovinama izme\u0111u \u017eena i mu\u0161karaca pogor\u0161ava se situacija \u017eena te ih se ostavlja izlo\u017eenima socijalnoj isklju\u010denosti, stalnom siroma\u0161tvu i ekonomskoj ovisnosti, posebice od strane njihovih bra\u010dnih i izvanbra\u010dnih partnera.<\/p>\n\n\n\n<p>Naime, prema podacima iznesenim u Izvje\u0161\u0107u Europskog parlamenta, postotak starijih \u017eena kojima prijete siroma\u0161tvo i socijalna isklju\u010denost (2014.) iznosio je 20,2%, u usporedbi s 14,6% mu\u0161karaca. Razlike u mirovinama odra\u017eavaju i segregaciju na tr\u017ei\u0161tu rada te ukazuju na ve\u0107i postotak \u017eena koje rade nepuno radno vrijeme, za ni\u017eu satnicu, uz prekide u radnom odnosu i s manjim brojem godina radnog sta\u017ea zbog nepla\u0107enog rada koji obavljaju kao majke i njegovateljice u svojim obiteljima. U kontekstu navedenog, a \u0161to se tako\u0111er navodi i u Izvje\u0161\u0107u Europskog parlamenta, o\u010dito je kako je razlika u mirovinama povezana s brojem podignute djece tijekom \u017eivota te da je ta razlika u mirovini mu\u0161karaca i \u017eena u slu\u010daju udanih \u017eena i majki mnogo ve\u0107a od one neudanih \u017eena koje nemaju djecu.<\/p>\n\n\n\n<p>Pravobraniteljica je istaknula da smo se odlu\u010dili za provedbu projekta \u201cJednaka prava \u2013 jednake pla\u0107e \u2013 jednake mirovine\u201d koji \u0107e se baviti gotovo nevidljivom temom rodne nejednakosti u pla\u0107ama i mirovinama, \u0161to za posljedicu ima socijalnu i ekonomsku nesigurnost za \u017eene. Projektom se \u017eele osigurati standardi, mjere i akcije koji \u0107e pridonijeti podizanju svijesti o problemu jaza u pla\u0107ama i mirovinama izme\u0111u mu\u0161karaca i \u017eena s ciljem smanjivanja rizika siroma\u0161tva za \u017eene. Ciljana skupina su predstavnici\/e vlasti, javnih i privatnih kompanija, sindikata te u\u010denici\/e srednjih \u0161kola na nacionalnoj i lokalnoj razini. Ukupna vrijednost projekta: \u20ac468,510.20,a provodit \u0107e se od 1. listopada 2018. do 30. rujna 2020.<\/p>\n\n\n\n<p>Osim pravobraniteljice, pozdravnim rije\u010dima prisutnim predstavnicama i predstavnicima ureda Vlade RH, me\u0111unarodnih institucija, ministarstava, ureda Grada Zagreba, sudova, akademske zajednice, sindikata, instituta, politi\u010dkih stranki, predsjednicama \u017eupanijskih Povjerenstava za ravnopravnost spolova i koordinatorima i koordinatoricama za ravnopravnost spolova u tijelima dr\u017eavne uprave, kao i predstavnicima\/ama organizacija civilnog dru\u0161tva i medija obratili su se i predstavnici\/e podr\u017eavaju\u0107i institucija: Marko Kri\u0161tof, ravnatelj Dr\u017eavnog zavoda za statistiku, Branka Ramljak, dr\u017eavna tajnica Ministarstva znanosti i obrazovanja te Katica Prpi\u0107, dr\u017eavna tajnica Ministarstva uprave. Prisutne su pozdravili i posebna izaslanica predsjednice RH, savjetnica za dru\u0161tvene djelatnosti i mlade, Renata Margareti\u0107 Urli\u0107, i izaslanica predsjednika Hrvatskog sabora i saborska zastupnica, Irena Petrijev\u010danin Vuksanovi\u0107.<\/p>\n\n\n\n<p>U sklopu predstavljanja projekta izveden je i kratak performans pod nazivom \u201eJu\u010der, danas, sutra\u201c koji su u suradnji s pravobraniteljicom za ravnopravnost spolova osmislili Mario Kova\u010d i Petra Radin, a izvela djeca glumci Vid i Lucija te odrasli glumci Petra Te\u017eak i Rade Radolovi\u0107. Performans je uklju\u010dio prikaz neravnopravne koristi koju \u017eene i mu\u0161karci u\u017eivaju kao rezultate svog rada, a pro\u010ditano je i pismo \u017eene sa \u0161estero djece koja ukazuje na sve konkretne probleme neravnopravnog vrednovanja \u017eenskog rada na tr\u017ei\u0161tu rada.<\/p>\n\n\n\n<p>Na kraju su govorili predstavnici i predstavnice partnera na projektu: ispred Instituta za dru\u0161tvena istra\u017eivanja u Zagrebu, stru\u010dni suradnik Josip \u0160ipi\u0107, ispred Centar za edukaciju, savjetovanje i istra\u017eivanje \u2013 CESI, koordinatorica Anamarija Tkal\u010dec, ispred Sindikata umirovljenika Hrvatske, pravna savjetnica Mia \u0160karica i ispred me\u0111unarodnog projektnog partnera Instituta za ravnopravnost mu\u0161karaca i \u017eena iz Belgije, koordinatorica Hildegard Van Hove.<\/p>\n","protected":false},"excerpt":{"rendered":"<p>Uvodna konferencija i performans &#8211; video, 6.11.2018. U organizaciji Pravobraniteljice za ravnopravnost spolova u Hrvatskom saboru je predstavljen novi EU projekt \u201cJednaka prava \u2013 jednake pla\u0107e \u2013 jednake mirovine\u201d \u2013 \u0160irenje opsega implementacije akcija i zakonskih standarda rodne ravnopravnosti s ciljem dostizanja rodne ravnopravnosti i sprje\u010davanja siroma\u0161tva u Hrvatskoj. Projekt su predstavili nositeljica projekta, Pravobraniteljica &hellip; <a href=\"https:\/\/gppg.prs.hr\/?p=1811\" class=\"more-link\">Continue reading<span class=\"screen-reader-text\"> &#8220;Uvodna konferencija i performans, 6.11.2018.&#8221;<\/span><\/a><\/p>\n","protected":false},"author":2,"featured_media":0,"comment_status":"closed","ping_status":"closed","sticky":false,"template":"","format":"standard","meta":{"footnotes":""},"categories":[101],"tags":[],"class_list":["post-1811","post","type-post","status-publish","format-standard","hentry","category-video"],"_links":{"self":[{"href":"https:\/\/gppg.prs.hr\/index.php?rest_route=\/wp\/v2\/posts\/1811","targetHints":{"allow":["GET"]}}],"collection":[{"href":"https:\/\/gppg.prs.hr\/index.php?rest_route=\/wp\/v2\/posts"}],"about":[{"href":"https:\/\/gppg.prs.hr\/index.php?rest_route=\/wp\/v2\/types\/post"}],"author":[{"embeddable":true,"href":"https:\/\/gppg.prs.hr\/index.php?rest_route=\/wp\/v2\/users\/2"}],"replies":[{"embeddable":true,"href":"https:\/\/gppg.prs.hr\/index.php?rest_route=%2Fwp%2Fv2%2Fcomments&post=1811"}],"version-history":[{"count":3,"href":"https:\/\/gppg.prs.hr\/index.php?rest_route=\/wp\/v2\/posts\/1811\/revisions"}],"predecessor-version":[{"id":3341,"href":"https:\/\/gppg.prs.hr\/index.php?rest_route=\/wp\/v2\/posts\/1811\/revisions\/3341"}],"wp:attachment":[{"href":"https:\/\/gppg.prs.hr\/index.php?rest_route=%2Fwp%2Fv2%2Fmedia&parent=1811"}],"wp:term":[{"taxonomy":"category","embeddable":true,"href":"https:\/\/gppg.prs.hr\/index.php?rest_route=%2Fwp%2Fv2%2Fcategories&post=1811"},{"taxonomy":"post_tag","embeddable":true,"href":"https:\/\/gppg.prs.hr\/index.php?rest_route=%2Fwp%2Fv2%2Ftags&post=1811"}],"curies":[{"name":"wp","href":"https:\/\/api.w.org\/{rel}","templated":true}]}}