{"id":1843,"date":"2018-12-10T12:01:39","date_gmt":"2018-12-10T12:01:39","guid":{"rendered":"https:\/\/gppg.prs.hr\/?p=1843"},"modified":"2018-12-27T13:19:19","modified_gmt":"2018-12-27T13:19:19","slug":"odrzan-je-sastanak-s-institutom-za-drustvena-istrazivanja-u-zagrebu","status":"publish","type":"post","link":"https:\/\/gppg.prs.hr\/?p=1843","title":{"rendered":"Odr\u017ean je sastanak s Institutom za dru\u0161tvena istra\u017eivanja u Zagrebu"},"content":{"rendered":"\n<p>Odr\u017ean je sastanak s Institutom za dru\u0161tvena istra\u017eivanja u Zagrebu o izradi metodologiji za istra\u017eivanja koja \u0107e se provesti u sklopu projekta &#8220;Jednaka prava &#8211; jednake pla\u0107e &#8211; jednake mirovine&#8221;. Razgovaralo se o analizi postoje\u0107eg stanja kojom \u0107e se prou\u010davati dostupnost statisti\u010dkih podataka na podru\u010dju zaposlenosti i pla\u0107a. Uz to, analizirat \u0107e se prakse i politike vezane uz sudjelovanje na tr\u017ei\u0161tu rada, vertikalnu i horizontalnu segregaciju, na\u010dine zapo\u0161ljavanja i pitanje roditeljstva u sferi zaposlenja. Tako\u0111er, tema je bila izrada metodologije i uzoraka za istra\u017eivanja o stavovima u\u010denika\/ca srednjih \u0161kola te menad\u017eera\/ica o pla\u0107ama, mirovinama, odabiru zanimanja te stereotipima na tr\u017ei\u0161tu rada. Na sastanku su sudjelovale\/i Josip \u0160ipi\u0107 iz Instituta za dru\u0161tvena istra\u017eivanja u Zagrebu te pravobraniteljica za ravnopravnost spolova Vi\u0161nja Ljubi\u010di\u0107 sa suradnicama \u010dlanicama projekta Mladenkom Morovi\u0107 i koordinatoricom projekta Sandom Brumen.<\/p>\n","protected":false},"excerpt":{"rendered":"<p>Odr\u017ean je sastanak s Institutom za dru\u0161tvena istra\u017eivanja u Zagrebu o izradi metodologiji za istra\u017eivanja koja \u0107e se provesti u sklopu projekta &#8220;Jednaka prava &#8211; jednake pla\u0107e &#8211; jednake mirovine&#8221;. Razgovaralo se o analizi postoje\u0107eg stanja kojom \u0107e se prou\u010davati dostupnost statisti\u010dkih podataka na podru\u010dju zaposlenosti i pla\u0107a. Uz to, analizirat \u0107e se prakse i &hellip; <a href=\"https:\/\/gppg.prs.hr\/?p=1843\" class=\"more-link\">Continue reading<span class=\"screen-reader-text\"> &#8220;Odr\u017ean je sastanak s Institutom za dru\u0161tvena istra\u017eivanja u Zagrebu&#8221;<\/span><\/a><\/p>\n","protected":false},"author":2,"featured_media":1848,"comment_status":"closed","ping_status":"closed","sticky":false,"template":"","format":"standard","meta":{"footnotes":""},"categories":[26],"tags":[],"class_list":["post-1843","post","type-post","status-publish","format-standard","has-post-thumbnail","hentry","category-vijesti"],"_links":{"self":[{"href":"https:\/\/gppg.prs.hr\/index.php?rest_route=\/wp\/v2\/posts\/1843","targetHints":{"allow":["GET"]}}],"collection":[{"href":"https:\/\/gppg.prs.hr\/index.php?rest_route=\/wp\/v2\/posts"}],"about":[{"href":"https:\/\/gppg.prs.hr\/index.php?rest_route=\/wp\/v2\/types\/post"}],"author":[{"embeddable":true,"href":"https:\/\/gppg.prs.hr\/index.php?rest_route=\/wp\/v2\/users\/2"}],"replies":[{"embeddable":true,"href":"https:\/\/gppg.prs.hr\/index.php?rest_route=%2Fwp%2Fv2%2Fcomments&post=1843"}],"version-history":[{"count":1,"href":"https:\/\/gppg.prs.hr\/index.php?rest_route=\/wp\/v2\/posts\/1843\/revisions"}],"predecessor-version":[{"id":2347,"href":"https:\/\/gppg.prs.hr\/index.php?rest_route=\/wp\/v2\/posts\/1843\/revisions\/2347"}],"wp:featuredmedia":[{"embeddable":true,"href":"https:\/\/gppg.prs.hr\/index.php?rest_route=\/wp\/v2\/media\/1848"}],"wp:attachment":[{"href":"https:\/\/gppg.prs.hr\/index.php?rest_route=%2Fwp%2Fv2%2Fmedia&parent=1843"}],"wp:term":[{"taxonomy":"category","embeddable":true,"href":"https:\/\/gppg.prs.hr\/index.php?rest_route=%2Fwp%2Fv2%2Fcategories&post=1843"},{"taxonomy":"post_tag","embeddable":true,"href":"https:\/\/gppg.prs.hr\/index.php?rest_route=%2Fwp%2Fv2%2Ftags&post=1843"}],"curies":[{"name":"wp","href":"https:\/\/api.w.org\/{rel}","templated":true}]}}