{"id":2394,"date":"2019-01-21T08:33:29","date_gmt":"2019-01-21T08:33:29","guid":{"rendered":"https:\/\/gppg.prs.hr\/?p=2394"},"modified":"2019-01-24T08:58:13","modified_gmt":"2019-01-24T08:58:13","slug":"odrzan-je-drugi-partnerski-sastanak-u-okviru-projekta","status":"publish","type":"post","link":"https:\/\/gppg.prs.hr\/?p=2394","title":{"rendered":"Odr\u017ean je drugi partnerski sastanak u okviru projekta"},"content":{"rendered":"\n<p>Odr\u017ean je drugi redoviti sastanak partnerskih organizacija u okviru EU projekta &#8220;Jednaka prava &#8211; jednake pla\u0107e &#8211; jednake mirovine&#8221;. Na sastanku odr\u017eanom u prostorijama Pravobraniteljice predstavljene su provedene aktivnosti nakon \u010dega se razgovaralo o izradi analize stanja zaposlenosti, rodnog jaza u pla\u0107ama i mirovinskog sustava te dostupnosti podataka potrebnih za analizu koja predstoji. Na sastanku su sudjelovali\/e: Josip \u0160ipi\u0107 ispred Instituta za dru\u0161tvena istra\u017eivanja u Zagrebu, Jasna Petrovi\u0107 i Mia \u0160karica ispred Sindikata umirovljenika Hrvatske, Anamarija Tkal\u010dec ispred CESI &#8211; Centra za edukaciju savjetovanje i istra\u017eivanje,  Vi\u0161nja Ljubi\u010di\u0107, pravobraniteljica za ravnopravnost spolova, Mladenka Morovi\u0107, \u010dlanica projekta, Sanda Brumen, koordinatorica projekta te Sr\u0111an Ker\u010devi\u0107, projektni koordinator VAWA projekta.<\/p>\n","protected":false},"excerpt":{"rendered":"<p>Odr\u017ean je drugi redoviti sastanak partnerskih organizacija u okviru EU projekta &#8220;Jednaka prava &#8211; jednake pla\u0107e &#8211; jednake mirovine&#8221;. Na sastanku odr\u017eanom u prostorijama Pravobraniteljice predstavljene su provedene aktivnosti nakon \u010dega se razgovaralo o izradi analize stanja zaposlenosti, rodnog jaza u pla\u0107ama i mirovinskog sustava te dostupnosti podataka potrebnih za analizu koja predstoji. Na sastanku &hellip; <a href=\"https:\/\/gppg.prs.hr\/?p=2394\" class=\"more-link\">Continue reading<span class=\"screen-reader-text\"> &#8220;Odr\u017ean je drugi partnerski sastanak u okviru projekta&#8221;<\/span><\/a><\/p>\n","protected":false},"author":3,"featured_media":2395,"comment_status":"closed","ping_status":"closed","sticky":true,"template":"","format":"standard","meta":{"footnotes":""},"categories":[26],"tags":[],"class_list":["post-2394","post","type-post","status-publish","format-standard","has-post-thumbnail","hentry","category-vijesti"],"_links":{"self":[{"href":"https:\/\/gppg.prs.hr\/index.php?rest_route=\/wp\/v2\/posts\/2394","targetHints":{"allow":["GET"]}}],"collection":[{"href":"https:\/\/gppg.prs.hr\/index.php?rest_route=\/wp\/v2\/posts"}],"about":[{"href":"https:\/\/gppg.prs.hr\/index.php?rest_route=\/wp\/v2\/types\/post"}],"author":[{"embeddable":true,"href":"https:\/\/gppg.prs.hr\/index.php?rest_route=\/wp\/v2\/users\/3"}],"replies":[{"embeddable":true,"href":"https:\/\/gppg.prs.hr\/index.php?rest_route=%2Fwp%2Fv2%2Fcomments&post=2394"}],"version-history":[{"count":3,"href":"https:\/\/gppg.prs.hr\/index.php?rest_route=\/wp\/v2\/posts\/2394\/revisions"}],"predecessor-version":[{"id":2403,"href":"https:\/\/gppg.prs.hr\/index.php?rest_route=\/wp\/v2\/posts\/2394\/revisions\/2403"}],"wp:featuredmedia":[{"embeddable":true,"href":"https:\/\/gppg.prs.hr\/index.php?rest_route=\/wp\/v2\/media\/2395"}],"wp:attachment":[{"href":"https:\/\/gppg.prs.hr\/index.php?rest_route=%2Fwp%2Fv2%2Fmedia&parent=2394"}],"wp:term":[{"taxonomy":"category","embeddable":true,"href":"https:\/\/gppg.prs.hr\/index.php?rest_route=%2Fwp%2Fv2%2Fcategories&post=2394"},{"taxonomy":"post_tag","embeddable":true,"href":"https:\/\/gppg.prs.hr\/index.php?rest_route=%2Fwp%2Fv2%2Ftags&post=2394"}],"curies":[{"name":"wp","href":"https:\/\/api.w.org\/{rel}","templated":true}]}}