{"id":2452,"date":"2019-04-02T09:14:33","date_gmt":"2019-04-02T09:14:33","guid":{"rendered":"https:\/\/gppg.prs.hr\/?p=2452"},"modified":"2019-04-04T09:18:48","modified_gmt":"2019-04-04T09:18:48","slug":"sastanak-equinet-ove-radne-skupine-za-rodna-pitanja","status":"publish","type":"post","link":"https:\/\/gppg.prs.hr\/?p=2452","title":{"rendered":"Sastanak EQUINET-ove Radne skupine za rodna pitanja"},"content":{"rendered":"\n<p>Na poziv i u organizaciji EQUINET-a (Europska mre\u017ea tijela koja se bave jednako\u0161\u0107u) u Lisabonu je odr\u017ean\u00a0 2. travnja 2019. godine sastanak Radne skupine za rodna pitanja i EQUINET-ovog projekta za borbu protiv nasilja prema \u017eenama i rodnu ravnopravnost. Teme koje su okupile Radnu skupinu bile su prava transrodnih i interseksualnih osoba te rodno utemeljeno nasilje i spolno uznemiravanje, a raspravljalo se i o sljede\u0107oj Strategiji za ravnopravnost spolova Europske komisije.Stru\u010dna suradnica pravobraniteljice Martina Strunjak informirala je \u010dlanove i \u010dlanice Radne skupine o tijeku projektnih aktivnosti dvaju teku\u0107ih EU projekata \u201eJednaka prava-jednake pla\u0107e-jednake mirovine\u201c \u2013 <em>\u0160irenje opsega implementacije akcija i zakonskih standarda rodne ravnopravnosti s ciljem dostizanja rodne ravnopravnosti i sprje\u010davanja siroma\u0161tva u Hrvatskoj<\/em> i <em>Izgradnja u\u010dinkovitije za\u0161tite: promjena sustava za borbu protiv nasilja nad \u017eenama<\/em>(www.vawa.prs.hr). Pritom je istaknula da je u sklopu potonjeg projekta predstavljen <em>Medijski kodeks \u2013 Vodi\u010d za profesionalno i senzibilizirano izvje\u0161tavanje o nasilju prema \u017eenama i femicidu<\/em>, utemeljen na rezultatima istra\u017eivanja medijskog izvje\u0161tavanja o slu\u010dajevima femicida 2012.-2016., kao i da je izvr\u0161ena kvantitativna analiza pravomo\u0107nih presuda prekr\u0161ajnih i kaznenih sudova u slu\u010dajevima nasilja po\u010dinjenog na \u0161tetu \u017eena u razdoblju 2012.-2016.<\/p>\n\n\n\n<p>Stru\u010dna suradnica je upoznala Radnu skupinu i s aktivnostima Pravobraniteljice vezano za prava transrodnih osoba, konkretno \u2013 vezano za uspje\u0161no rje\u0161avanje pitanja promjene podataka i izdavanja svih obrazovnih certifikata s podacima uskla\u0111enim s dr\u017eavnim maticama, a po promjeni spola, odnosno odabira \u017eivota u drugom rodnom identitetu u\u010denika i studenata te vezano za njezino zalaganje za izradu hodograma tro\u0161kova koje bi u postupku spolne tranzicije dijelom ili u potpunosti trebala snositi dr\u017eava i utvr\u0111ivanje prava izvo\u0111enja operativnog zahvata promjene spola na teret obveznog zdravstvenog osiguranja u procesu spolne tranzicije.<\/p>\n\n\n\n<p>Kona\u010dno, uputila je Radnu skupinu i u postupanja Pravobraniteljice temeljem pritu\u017ebi gra\u0111ana i gra\u0111anki u slu\u010dajevima spolnog uznemiravanja, referiraju\u0107i se na slu\u010daj u kojem se Pravobraniteljica umije\u0161ala u sudski postupak, a u kojem je Vrhovni sud utvrdio da spolno uznemiravanje kolegice na radnom mjestu predstavlja izravnu diskriminaciju te da je osnovano ocijeniti da je rije\u010d o povredi obveze iz radnog odnosa i da su ispunjeni uvjeti za izvanredan otkaz ugovora o radu.<\/p>\n\n\n\n<p>Sastanak je zaklju\u010den dogovorom za daljnji plan rada Radne skupine pri \u010demu su kao prioritetne teme istaknuti ekonomsko siroma\u0161tvo u kontekstu ravnopravnosti spolova te pristup zdravstvenim uslugama i reproduktivna prava.<\/p>\n\n\n\n<p><br><\/p>\n","protected":false},"excerpt":{"rendered":"<p>Na poziv i u organizaciji EQUINET-a (Europska mre\u017ea tijela koja se bave jednako\u0161\u0107u) u Lisabonu je odr\u017ean\u00a0 2. travnja 2019. godine sastanak Radne skupine za rodna pitanja i EQUINET-ovog projekta za borbu protiv nasilja prema \u017eenama i rodnu ravnopravnost. Teme koje su okupile Radnu skupinu bile su prava transrodnih i interseksualnih osoba te rodno utemeljeno &hellip; <a href=\"https:\/\/gppg.prs.hr\/?p=2452\" class=\"more-link\">Continue reading<span class=\"screen-reader-text\"> &#8220;Sastanak EQUINET-ove Radne skupine za rodna pitanja&#8221;<\/span><\/a><\/p>\n","protected":false},"author":3,"featured_media":2453,"comment_status":"closed","ping_status":"closed","sticky":true,"template":"","format":"standard","meta":{"footnotes":""},"categories":[26],"tags":[],"class_list":["post-2452","post","type-post","status-publish","format-standard","has-post-thumbnail","hentry","category-vijesti"],"_links":{"self":[{"href":"https:\/\/gppg.prs.hr\/index.php?rest_route=\/wp\/v2\/posts\/2452","targetHints":{"allow":["GET"]}}],"collection":[{"href":"https:\/\/gppg.prs.hr\/index.php?rest_route=\/wp\/v2\/posts"}],"about":[{"href":"https:\/\/gppg.prs.hr\/index.php?rest_route=\/wp\/v2\/types\/post"}],"author":[{"embeddable":true,"href":"https:\/\/gppg.prs.hr\/index.php?rest_route=\/wp\/v2\/users\/3"}],"replies":[{"embeddable":true,"href":"https:\/\/gppg.prs.hr\/index.php?rest_route=%2Fwp%2Fv2%2Fcomments&post=2452"}],"version-history":[{"count":1,"href":"https:\/\/gppg.prs.hr\/index.php?rest_route=\/wp\/v2\/posts\/2452\/revisions"}],"predecessor-version":[{"id":2454,"href":"https:\/\/gppg.prs.hr\/index.php?rest_route=\/wp\/v2\/posts\/2452\/revisions\/2454"}],"wp:featuredmedia":[{"embeddable":true,"href":"https:\/\/gppg.prs.hr\/index.php?rest_route=\/wp\/v2\/media\/2453"}],"wp:attachment":[{"href":"https:\/\/gppg.prs.hr\/index.php?rest_route=%2Fwp%2Fv2%2Fmedia&parent=2452"}],"wp:term":[{"taxonomy":"category","embeddable":true,"href":"https:\/\/gppg.prs.hr\/index.php?rest_route=%2Fwp%2Fv2%2Fcategories&post=2452"},{"taxonomy":"post_tag","embeddable":true,"href":"https:\/\/gppg.prs.hr\/index.php?rest_route=%2Fwp%2Fv2%2Ftags&post=2452"}],"curies":[{"name":"wp","href":"https:\/\/api.w.org\/{rel}","templated":true}]}}