{"id":2459,"date":"2019-04-11T13:32:29","date_gmt":"2019-04-11T13:32:29","guid":{"rendered":"https:\/\/gppg.prs.hr\/?p=2459"},"modified":"2019-04-12T13:37:41","modified_gmt":"2019-04-12T13:37:41","slug":"susret-s-povjerenicom-za-ljudska-prava-vijeca-europe","status":"publish","type":"post","link":"https:\/\/gppg.prs.hr\/?p=2459","title":{"rendered":"Susret s povjerenicom za ljudska prava Vije\u0107a Europe"},"content":{"rendered":"\n<p>U organizaciji Pu\u010dke pravobraniteljice  odr\u017ean je susret s povjerenicom za ljudska prava Vije\u0107a Europe Dunjom  Mijatovi\u0107 kojem su prisustvovali stru\u010dni djelatnici pravobraniteljskih  ureda, a ispred institucije Pravobraniteljice za ravnopravnost spolova  sudjelovali su savjetnik pravobraniteljice Josip Grgi\u0107, stru\u010dna  suradnica pravobraniteljice Martina Strunjak, koordinator EU projekta  &#8220;Izgradnja u\u010dinkovitije za\u0161tite: promjena sustava za borbu protiv  nasilja nad \u017eenama&#8221; Sr\u0111an Ker\u010devi\u0107 i koordinatorica projekta \u201eJednaka  prava &#8211; jednake pla\u0107e &#8211; jednake mirovine\u201c Sanda Brumen. Povjerenicu  Mijatovi\u0107 predstavila je pu\u010dka pravobraniteljica Lora Vidovi\u0107 i time  otvorila tribinu o ljudskim pravima koja je zapo\u010dela izlaganjem  povjerenice Mijatovi\u0107 o njezinim iskustvima kao prve \u017eene na poziciji  Povjerenika\/ce za ljudska prava Vije\u0107a Europe.<\/p>\n\n\n\n<p>Povjerenica je iznijela glavna podru\u010dja  koja se nalaze u fokusu njezine institucije kao \u0161to su tretman  migranata, inkluzija osoba s invaliditetom te prava starijih osoba.  Naglasila je da joj je posebno va\u017ena suradnja s civilnim sektorom, a u  kontekstu ravnopravnosti spolova spomenula je tradicionalnu podjelu  rodnih uloga kao uzrok neravnopravnog polo\u017eaja \u017eena i mu\u0161karaca.<\/p>\n\n\n\n<p>U drugom dijelu tribine povjerenica je \nodgovarala na brojna pitanja zainteresiranih sudionika i sudionica me\u0111u \nkojima su se na\u0161la i pitanja predstavnika\/ca Pravobraniteljice za \nravnopravnost spolova. Stru\u010dnu suradnicu Strunjak posebno je zanimalo \nkoje su najve\u0107e prepreke za \u017eene na razini Vije\u0107a Europe te koje \naktivnosti Vije\u0107a Europe mo\u017ee istaknuti kao najzna\u010dajnije u ovom \npodru\u010dju. Povjerenica je u odgovoru istaknula da je u okviru svojeg rada\n utvrdila kako je i dalje ra\u0161iren stav da je nasilje nad \u017eenama privatna\n stvar te stvar tradicije i kulture, a s kojim se susre\u0107e i u krugovima \nvisokih dr\u017eavnih du\u017enosnika. Kao poseban problem kojem Vije\u0107e Europe \npridaje pa\u017enju navela je izostanak sistemati\u010dnog vo\u0111enja statisti\u010dkih \npodataka o procesuiranim slu\u010dajevima nasilja nad \u017eenama.<\/p>\n","protected":false},"excerpt":{"rendered":"<p>U organizaciji Pu\u010dke pravobraniteljice odr\u017ean je susret s povjerenicom za ljudska prava Vije\u0107a Europe Dunjom Mijatovi\u0107 kojem su prisustvovali stru\u010dni djelatnici pravobraniteljskih ureda, a ispred institucije Pravobraniteljice za ravnopravnost spolova sudjelovali su savjetnik pravobraniteljice Josip Grgi\u0107, stru\u010dna suradnica pravobraniteljice Martina Strunjak, koordinator EU projekta &#8220;Izgradnja u\u010dinkovitije za\u0161tite: promjena sustava za borbu protiv nasilja nad \u017eenama&#8221; &hellip; <a href=\"https:\/\/gppg.prs.hr\/?p=2459\" class=\"more-link\">Continue reading<span class=\"screen-reader-text\"> &#8220;Susret s povjerenicom za ljudska prava Vije\u0107a Europe&#8221;<\/span><\/a><\/p>\n","protected":false},"author":3,"featured_media":2460,"comment_status":"closed","ping_status":"closed","sticky":true,"template":"","format":"standard","meta":{"footnotes":""},"categories":[26],"tags":[],"class_list":["post-2459","post","type-post","status-publish","format-standard","has-post-thumbnail","hentry","category-vijesti"],"_links":{"self":[{"href":"https:\/\/gppg.prs.hr\/index.php?rest_route=\/wp\/v2\/posts\/2459","targetHints":{"allow":["GET"]}}],"collection":[{"href":"https:\/\/gppg.prs.hr\/index.php?rest_route=\/wp\/v2\/posts"}],"about":[{"href":"https:\/\/gppg.prs.hr\/index.php?rest_route=\/wp\/v2\/types\/post"}],"author":[{"embeddable":true,"href":"https:\/\/gppg.prs.hr\/index.php?rest_route=\/wp\/v2\/users\/3"}],"replies":[{"embeddable":true,"href":"https:\/\/gppg.prs.hr\/index.php?rest_route=%2Fwp%2Fv2%2Fcomments&post=2459"}],"version-history":[{"count":1,"href":"https:\/\/gppg.prs.hr\/index.php?rest_route=\/wp\/v2\/posts\/2459\/revisions"}],"predecessor-version":[{"id":2461,"href":"https:\/\/gppg.prs.hr\/index.php?rest_route=\/wp\/v2\/posts\/2459\/revisions\/2461"}],"wp:featuredmedia":[{"embeddable":true,"href":"https:\/\/gppg.prs.hr\/index.php?rest_route=\/wp\/v2\/media\/2460"}],"wp:attachment":[{"href":"https:\/\/gppg.prs.hr\/index.php?rest_route=%2Fwp%2Fv2%2Fmedia&parent=2459"}],"wp:term":[{"taxonomy":"category","embeddable":true,"href":"https:\/\/gppg.prs.hr\/index.php?rest_route=%2Fwp%2Fv2%2Fcategories&post=2459"},{"taxonomy":"post_tag","embeddable":true,"href":"https:\/\/gppg.prs.hr\/index.php?rest_route=%2Fwp%2Fv2%2Ftags&post=2459"}],"curies":[{"name":"wp","href":"https:\/\/api.w.org\/{rel}","templated":true}]}}