{"id":2463,"date":"2019-04-24T09:47:00","date_gmt":"2019-04-24T09:47:00","guid":{"rendered":"https:\/\/gppg.prs.hr\/?p=2463"},"modified":"2019-04-25T09:50:28","modified_gmt":"2019-04-25T09:50:28","slug":"posjet-ombudsmanke-za-ljudska-prava-bosne-i-hercegovine","status":"publish","type":"post","link":"https:\/\/gppg.prs.hr\/?p=2463","title":{"rendered":"Posjet ombudsmanke za ljudska prava Bosne i Hercegovine"},"content":{"rendered":"\n<p>Ombudsmanka za ljudska prava Bosne i \nHercegovine Nives Juki\u0107 i njezina savjetnica Dita Maglica posjetile su \ninstituciju Pravobraniteljice za ravnopravnost spolova u cilju razmjene \niskustava i dobrih praksi.&nbsp;Ombudsmanka Nives Juki\u0107 predstavila je svoju \ninstituciju i njezin djelokrug nadle\u017enosti nakon \u010dega su razmijenjene \ninformacije o sli\u010dnostima i izazovima vezanim uz provedbu na\u010dela \nravnopravnosti spolova. Na sastanku se razgovaralo o postupanjima \nPravobraniteljice prilikom ispitivanja pritu\u017ebi iz podru\u010dja \nzapo\u0161ljavanja i rada, na\u010dinu na koji ista prati podru\u010dje politi\u010dke \nparticipacije u kontekstu ravnopravnosti spolova te Pravobranitelji\u010dinoj\n vi\u0161egodi\u0161njoj anga\u017eiranosti u pogledu apliciranja za i provedbe EU \nprojekata.&nbsp;<\/p>\n\n\n\n<p>Ispred\n institucije Pravobraniteljice go\u0161\u0107e su primili savjetnici \npravobraniteljice Nevenka Sudar, Branko Borota i Josip Grgi\u0107, stru\u010dna \nsuradnica pravobraniteljice Martina Strunjak te koordinatori EU \nprojekata Sr\u0111an Ker\u010devi\u0107 i Sanda Brumen.<\/p>\n","protected":false},"excerpt":{"rendered":"<p>Ombudsmanka za ljudska prava Bosne i Hercegovine Nives Juki\u0107 i njezina savjetnica Dita Maglica posjetile su instituciju Pravobraniteljice za ravnopravnost spolova u cilju razmjene iskustava i dobrih praksi.&nbsp;Ombudsmanka Nives Juki\u0107 predstavila je svoju instituciju i njezin djelokrug nadle\u017enosti nakon \u010dega su razmijenjene informacije o sli\u010dnostima i izazovima vezanim uz provedbu na\u010dela ravnopravnosti spolova. Na sastanku &hellip; <a href=\"https:\/\/gppg.prs.hr\/?p=2463\" class=\"more-link\">Continue reading<span class=\"screen-reader-text\"> &#8220;Posjet ombudsmanke za ljudska prava Bosne i Hercegovine&#8221;<\/span><\/a><\/p>\n","protected":false},"author":3,"featured_media":2464,"comment_status":"closed","ping_status":"closed","sticky":true,"template":"","format":"standard","meta":{"footnotes":""},"categories":[26],"tags":[],"class_list":["post-2463","post","type-post","status-publish","format-standard","has-post-thumbnail","hentry","category-vijesti"],"_links":{"self":[{"href":"https:\/\/gppg.prs.hr\/index.php?rest_route=\/wp\/v2\/posts\/2463","targetHints":{"allow":["GET"]}}],"collection":[{"href":"https:\/\/gppg.prs.hr\/index.php?rest_route=\/wp\/v2\/posts"}],"about":[{"href":"https:\/\/gppg.prs.hr\/index.php?rest_route=\/wp\/v2\/types\/post"}],"author":[{"embeddable":true,"href":"https:\/\/gppg.prs.hr\/index.php?rest_route=\/wp\/v2\/users\/3"}],"replies":[{"embeddable":true,"href":"https:\/\/gppg.prs.hr\/index.php?rest_route=%2Fwp%2Fv2%2Fcomments&post=2463"}],"version-history":[{"count":1,"href":"https:\/\/gppg.prs.hr\/index.php?rest_route=\/wp\/v2\/posts\/2463\/revisions"}],"predecessor-version":[{"id":2465,"href":"https:\/\/gppg.prs.hr\/index.php?rest_route=\/wp\/v2\/posts\/2463\/revisions\/2465"}],"wp:featuredmedia":[{"embeddable":true,"href":"https:\/\/gppg.prs.hr\/index.php?rest_route=\/wp\/v2\/media\/2464"}],"wp:attachment":[{"href":"https:\/\/gppg.prs.hr\/index.php?rest_route=%2Fwp%2Fv2%2Fmedia&parent=2463"}],"wp:term":[{"taxonomy":"category","embeddable":true,"href":"https:\/\/gppg.prs.hr\/index.php?rest_route=%2Fwp%2Fv2%2Fcategories&post=2463"},{"taxonomy":"post_tag","embeddable":true,"href":"https:\/\/gppg.prs.hr\/index.php?rest_route=%2Fwp%2Fv2%2Ftags&post=2463"}],"curies":[{"name":"wp","href":"https:\/\/api.w.org\/{rel}","templated":true}]}}