{"id":2486,"date":"2019-05-09T07:26:20","date_gmt":"2019-05-09T07:26:20","guid":{"rendered":"https:\/\/gppg.prs.hr\/?p=2486"},"modified":"2020-09-14T08:50:50","modified_gmt":"2020-09-14T08:50:50","slug":"pravobraniteljica-odrzala-predavanje-na-pravnom-fakultetu-u-zagrebu","status":"publish","type":"post","link":"https:\/\/gppg.prs.hr\/?p=2486","title":{"rendered":"Pravobraniteljica odr\u017eala predavanje na Pravnom fakultetu u Zagrebu"},"content":{"rendered":"\n<p> Pravobraniteljica  za ravnopravnost spolova, Vi\u0161nja Ljubi\u010di\u0107, odr\u017eala je predavanje na  Pravnom fakultetu u Zagrebu, u organizaciji Jean Monnet Centra  izvrsnosti Pravnog fakulteta Sveu\u010dili\u0161ta u Zagrebu.<br>&nbsp;Pravobraniteljica  je predstavila zna\u010denje ravnopravnosti spolova, njegovu va\u017enost kao  ustavnopravnog na\u010dela, kao i nacionalnu zakonsku regulativu i  me\u0111unarodne dokumente u kontekstu politike ravnopravnosti spolova te  ovlasti institucije Pravobraniteljice za ravnopravnost spolova.  Pravobraniteljica je predstavila i Izvje\u0161\u0107e o radu za 2018. godinu, pri  \u010demu je istaknula glavne trendove po pitanju rodne nejednakosti u  podru\u010djima rada i zapo\u0161ljavanja, obiteljskog nasilja i nasilja prema  \u017eenama, spolnih i rodnih manjina, politi\u010dkoj participaciji, medijima,  sportu i drugim va\u017enim segmentima dru\u0161tvenog \u017eivota.<br>Uz  pravobraniteljicu Ljubi\u010di\u0107, kooridinatori EU projekata, Sanda Brumen i  Sr\u0111an Ker\u010devi\u0107 predstavili su dva EU projekata kojih je  Pravobraniteljica nositeljica \u201eJednaka prava- jednake pla\u0107e- jednake  mirovine\u201c te \u201eIzgradnja u\u010dinkovitije za\u0161tite: promjena sustava za borbu  protiv nasilja prema \u017eenama\u201c. <\/p>\n\n\n\n<p><strong><a href=\"https:\/\/gppg.prs.hr\/?p=3049\" target=\"_blank\" rel=\"noreferrer noopener\">FOTO GALERIJA<\/a><\/strong><\/p>\n","protected":false},"excerpt":{"rendered":"<p>Pravobraniteljica za ravnopravnost spolova, Vi\u0161nja Ljubi\u010di\u0107, odr\u017eala je predavanje na Pravnom fakultetu u Zagrebu, u organizaciji Jean Monnet Centra izvrsnosti Pravnog fakulteta Sveu\u010dili\u0161ta u Zagrebu.&nbsp;Pravobraniteljica je predstavila zna\u010denje ravnopravnosti spolova, njegovu va\u017enost kao ustavnopravnog na\u010dela, kao i nacionalnu zakonsku regulativu i me\u0111unarodne dokumente u kontekstu politike ravnopravnosti spolova te ovlasti institucije Pravobraniteljice za ravnopravnost spolova. &hellip; <a href=\"https:\/\/gppg.prs.hr\/?p=2486\" class=\"more-link\">Continue reading<span class=\"screen-reader-text\"> &#8220;Pravobraniteljica odr\u017eala predavanje na Pravnom fakultetu u Zagrebu&#8221;<\/span><\/a><\/p>\n","protected":false},"author":3,"featured_media":2487,"comment_status":"closed","ping_status":"closed","sticky":true,"template":"","format":"standard","meta":{"footnotes":""},"categories":[26],"tags":[],"class_list":["post-2486","post","type-post","status-publish","format-standard","has-post-thumbnail","hentry","category-vijesti"],"_links":{"self":[{"href":"https:\/\/gppg.prs.hr\/index.php?rest_route=\/wp\/v2\/posts\/2486","targetHints":{"allow":["GET"]}}],"collection":[{"href":"https:\/\/gppg.prs.hr\/index.php?rest_route=\/wp\/v2\/posts"}],"about":[{"href":"https:\/\/gppg.prs.hr\/index.php?rest_route=\/wp\/v2\/types\/post"}],"author":[{"embeddable":true,"href":"https:\/\/gppg.prs.hr\/index.php?rest_route=\/wp\/v2\/users\/3"}],"replies":[{"embeddable":true,"href":"https:\/\/gppg.prs.hr\/index.php?rest_route=%2Fwp%2Fv2%2Fcomments&post=2486"}],"version-history":[{"count":3,"href":"https:\/\/gppg.prs.hr\/index.php?rest_route=\/wp\/v2\/posts\/2486\/revisions"}],"predecessor-version":[{"id":3171,"href":"https:\/\/gppg.prs.hr\/index.php?rest_route=\/wp\/v2\/posts\/2486\/revisions\/3171"}],"wp:featuredmedia":[{"embeddable":true,"href":"https:\/\/gppg.prs.hr\/index.php?rest_route=\/wp\/v2\/media\/2487"}],"wp:attachment":[{"href":"https:\/\/gppg.prs.hr\/index.php?rest_route=%2Fwp%2Fv2%2Fmedia&parent=2486"}],"wp:term":[{"taxonomy":"category","embeddable":true,"href":"https:\/\/gppg.prs.hr\/index.php?rest_route=%2Fwp%2Fv2%2Fcategories&post=2486"},{"taxonomy":"post_tag","embeddable":true,"href":"https:\/\/gppg.prs.hr\/index.php?rest_route=%2Fwp%2Fv2%2Ftags&post=2486"}],"curies":[{"name":"wp","href":"https:\/\/api.w.org\/{rel}","templated":true}]}}