{"id":2489,"date":"2019-05-22T07:15:01","date_gmt":"2019-05-22T07:15:01","guid":{"rendered":"https:\/\/gppg.prs.hr\/?p=2489"},"modified":"2020-09-23T09:12:12","modified_gmt":"2020-09-23T09:12:12","slug":"sastanak-s-udrugom-ng-buntovnici","status":"publish","type":"post","link":"https:\/\/gppg.prs.hr\/?p=2489","title":{"rendered":"Sastanak s udrugom NG Buntovnici"},"content":{"rendered":"\n<p>Pravobraniteljica za ravnopravnost  spolova, Vi\u0161nja Ljubi\u010di\u0107, odr\u017eala je sastanak s predstavnikom udruge iz  Nove Gradi\u0161ke NG Buntovnici, Momirom Divjakom, temeljem uspje\u0161ne  dugogodi\u0161nje suradnje Pravobraniteljice s razli\u010ditim dionicima na  lokalnoj razini. Jedna od tema sastanka bila je potencijalna suradnja u  okviru prijave natje\u010daja za projekte financirane sredstvima Europskih  strukturnih i investicijskih fondova.\u00a0 <br>Pravobraniteljica pozdravlja sve  aktivnosti lokalnih institucija, organizacija civilnog dru\u0161tva i ostalih  aktera u implementaciji na\u010dela ravnopravnosti spolova i suzbijanju  diskriminacije u lokalnim sredinama. Od 2013., Pravobraniteljica u  kontinuitetu radi na projektima financiranima sredstvima Europske unije,  a koji joj omogu\u0107uju da na \u0161irem podru\u010dju\u00a0 Republike Hrvatske  (nacionalnoj i lokalnoj razini), na \u0161to u\u010dinkovitiji na\u010din i sukladno  zakonskim ovlastima, promi\u010de ravnopravnost spolova u svim podru\u010djima\u00a0  \u017eivota i rada te daje preporuke i predla\u017ee pobolj\u0161anja i unaprje\u0111enja.<\/p>\n\n\n\n<p>Uz pravobraniteljicu Ljubi\u010di\u0107, na  sastanku su sudjelovali\/e Mladenka Morovi\u0107, voditeljica Slu\u017ebe za op\u0107e  poslove, Sanda Brumen, koordinatorica projekta \u201eJednaka prava-jednake  pla\u0107e-jednake mirovine\u201c i Sr\u0111an Ker\u010devi\u0107, koordinator EU projekta  \u201eIzgradnja u\u010dinkovitije za\u0161tite: promjena sustava za borbu protiv  nasilja prema \u017eenama\u201c.<\/p>\n","protected":false},"excerpt":{"rendered":"<p>Pravobraniteljica za ravnopravnost spolova, Vi\u0161nja Ljubi\u010di\u0107, odr\u017eala je sastanak s predstavnikom udruge iz Nove Gradi\u0161ke NG Buntovnici, Momirom Divjakom, temeljem uspje\u0161ne dugogodi\u0161nje suradnje Pravobraniteljice s razli\u010ditim dionicima na lokalnoj razini. Jedna od tema sastanka bila je potencijalna suradnja u okviru prijave natje\u010daja za projekte financirane sredstvima Europskih strukturnih i investicijskih fondova.\u00a0 Pravobraniteljica pozdravlja sve aktivnosti &hellip; <a href=\"https:\/\/gppg.prs.hr\/?p=2489\" class=\"more-link\">Continue reading<span class=\"screen-reader-text\"> &#8220;Sastanak s udrugom NG Buntovnici&#8221;<\/span><\/a><\/p>\n","protected":false},"author":3,"featured_media":2492,"comment_status":"closed","ping_status":"closed","sticky":true,"template":"","format":"standard","meta":{"footnotes":""},"categories":[26],"tags":[],"class_list":["post-2489","post","type-post","status-publish","format-standard","has-post-thumbnail","hentry","category-vijesti"],"_links":{"self":[{"href":"https:\/\/gppg.prs.hr\/index.php?rest_route=\/wp\/v2\/posts\/2489","targetHints":{"allow":["GET"]}}],"collection":[{"href":"https:\/\/gppg.prs.hr\/index.php?rest_route=\/wp\/v2\/posts"}],"about":[{"href":"https:\/\/gppg.prs.hr\/index.php?rest_route=\/wp\/v2\/types\/post"}],"author":[{"embeddable":true,"href":"https:\/\/gppg.prs.hr\/index.php?rest_route=\/wp\/v2\/users\/3"}],"replies":[{"embeddable":true,"href":"https:\/\/gppg.prs.hr\/index.php?rest_route=%2Fwp%2Fv2%2Fcomments&post=2489"}],"version-history":[{"count":2,"href":"https:\/\/gppg.prs.hr\/index.php?rest_route=\/wp\/v2\/posts\/2489\/revisions"}],"predecessor-version":[{"id":3235,"href":"https:\/\/gppg.prs.hr\/index.php?rest_route=\/wp\/v2\/posts\/2489\/revisions\/3235"}],"wp:featuredmedia":[{"embeddable":true,"href":"https:\/\/gppg.prs.hr\/index.php?rest_route=\/wp\/v2\/media\/2492"}],"wp:attachment":[{"href":"https:\/\/gppg.prs.hr\/index.php?rest_route=%2Fwp%2Fv2%2Fmedia&parent=2489"}],"wp:term":[{"taxonomy":"category","embeddable":true,"href":"https:\/\/gppg.prs.hr\/index.php?rest_route=%2Fwp%2Fv2%2Fcategories&post=2489"},{"taxonomy":"post_tag","embeddable":true,"href":"https:\/\/gppg.prs.hr\/index.php?rest_route=%2Fwp%2Fv2%2Ftags&post=2489"}],"curies":[{"name":"wp","href":"https:\/\/api.w.org\/{rel}","templated":true}]}}