{"id":2502,"date":"2019-06-06T09:05:36","date_gmt":"2019-06-06T09:05:36","guid":{"rendered":"https:\/\/gppg.prs.hr\/?p=2502"},"modified":"2020-09-23T09:07:53","modified_gmt":"2020-09-23T09:07:53","slug":"odbor-za-ravnopravnost-spolova-hrvatskog-sabora-jednoglasno-podrzao-izvjesce-o-radu-za-2018","status":"publish","type":"post","link":"https:\/\/gppg.prs.hr\/?p=2502","title":{"rendered":"Pravobraniteljica predstavila EU projekte u sklopu predstavljanja godi\u0161njeg izvje\u0161\u0107a na sjednici Odbora za ravnopravnost spolova Hrvatskog sabora"},"content":{"rendered":"\n<p>Pravobraniteljica za ravnopravnost \nspolova, Vi\u0161nja Ljubi\u010di\u0107, na 26. sjednici Odbora za ravnopravnost \nspolova Hrvatskog sabora predstavila je Izvje\u0161\u0107e o radu \nPravobraniteljice za ravnopravnost spolova za 2018. godinu. \nPravobraniteljica je \u010dlanove i \u010dlanice Odbora upoznala s aktivnostima \ntijekom izvje\u0161tajne godine po svim diskriminacijskim osnovama i \npodru\u010djima rada u okviru svojih nadle\u017enosti. Iznijela statistiku \npritu\u017ebi gra\u0111ana i gra\u0111anki, uo\u010dene trendove te predstavila EU projekte i\n neovisne analize i istra\u017eivanja koje provodi. Sjednici su prisustvovale\n i \u010dlanice Inicijative #spasime.<\/p>\n\n\n\n<p>Odbor je jednoglasno podr\u017eao Izvje\u0161\u0107e \nPravobraniteljice za 2018. godinu. Ve\u0107ina \u010dlanova i \u010dlanica odbora, \npredstavnika i predstavnica resornih tijela i ministarstava, vanjskih \n\u010dlanova i \u010dlanica Odbora naglasilo je zna\u010daj rada Pravobraniteljice kao i\n zaklju\u010daka, preporuka i prijedloga iz Izvje\u0161\u0107a navode\u0107i kako je \npotrebno ustavno na\u010delo za\u0161tite ravnopravnosti spolova institucionalno \noja\u010dati kako bi ono u praksi doista omogu\u0107ilo svim osjetljivim skupinama\n \u017eivot bez diskriminacije.<\/p>\n\n\n\n<p>Pravobraniteljica je u svom zavr\u0161nom  obra\u0107anju \u010dlanicama i \u010dlanovima Odbora istaknula kako je va\u017eno da  ustavnopravna na\u010dela nisu predmet propitivanja bilo kojih skupina u  dru\u0161tvu, kako se ste\u010dena prava ne smiju umanjivati te kako je svoj  cijeli mandat posvetila o\u010duvanju vladavine prava i unaprje\u0111enju rada,  transparentnosti i u\u010dinkovitosti dr\u017eavne uprave kao servisa gra\u0111ana. U  tom smislu istaknula je kako smatra da neovisna pozicija institucije  nije ugro\u017eena kada se problemi poku\u0161avaju rije\u0161iti proaktivno i kroz  suradnju. Dodala je da smatra da institucija Pravobraniteljice nije  postavljena nasuprot ostalim dr\u017eavnim institucijama samo zato \u0161to je ona  nadzorno tijelo, ve\u0107 upravo suprotno, cilj je zajedni\u010dki, a to je  odsustvo diskriminacije, zadovoljni i integrirani gra\u0111ani i gra\u0111anke  \u010dija prava se po\u0161tuju.<\/p>\n\n\n\n<p>Pravobraniteljica je nositeljica dvaju teku\u0107ih projekta koji su  financirani od strane Europske komisije temeljem REC (<em>Rights, Equality and Citizenship<\/em>) programa: <em>Izgradnja u\u010dinkovitije za\u0161tite: promjena sustava za borbu protiv nasilja prema \u017eenama<\/em> te <em>Jednaka prava &#8211; jednake pla\u0107e &#8211; jednake mirovine<\/em>, koje je predstavila pri obra\u0107anju  \u010dlanicama i \u010dlanovima Odbora.  <\/p>\n\n\n\n<p>Zbog va\u017enosti zaklju\u010daka iz Izvje\u0161\u0107a  koje se odnose na suzbijanje obiteljskog nasilja i nasilja prema \u017eenama,  Odbor je odlu\u010dio kako \u0107e se uskoro sazvati tematska sjednica Odbora na  temu obiteljskog nasija i nasilja prema \u017eenama te provedbe Istanbulske  konvencije.<\/p>\n\n\n\n<p>Vi\u0161e informacija na <strong><a href=\"http:\/\/www.prs.hr\/index.php\/izvjesca\/2686-odbor-za-ravnopravnost-spolova-hrvatskog-sabora-jednoglasno-podrzao-izvjesce-pravobraniteljice-za-2018\" target=\"_blank\" rel=\"noreferrer noopener\">linku<\/a><\/strong>.<\/p>\n\n\n\n<p><\/p>\n","protected":false},"excerpt":{"rendered":"<p>Pravobraniteljica za ravnopravnost spolova, Vi\u0161nja Ljubi\u010di\u0107, na 26. sjednici Odbora za ravnopravnost spolova Hrvatskog sabora predstavila je Izvje\u0161\u0107e o radu Pravobraniteljice za ravnopravnost spolova za 2018. godinu. Pravobraniteljica je \u010dlanove i \u010dlanice Odbora upoznala s aktivnostima tijekom izvje\u0161tajne godine po svim diskriminacijskim osnovama i podru\u010djima rada u okviru svojih nadle\u017enosti. Iznijela statistiku pritu\u017ebi gra\u0111ana i &hellip; <a href=\"https:\/\/gppg.prs.hr\/?p=2502\" class=\"more-link\">Continue reading<span class=\"screen-reader-text\"> &#8220;Pravobraniteljica predstavila EU projekte u sklopu predstavljanja godi\u0161njeg izvje\u0161\u0107a na sjednici Odbora za ravnopravnost spolova Hrvatskog sabora&#8221;<\/span><\/a><\/p>\n","protected":false},"author":3,"featured_media":2503,"comment_status":"closed","ping_status":"closed","sticky":true,"template":"","format":"standard","meta":{"footnotes":""},"categories":[26],"tags":[],"class_list":["post-2502","post","type-post","status-publish","format-standard","has-post-thumbnail","hentry","category-vijesti"],"_links":{"self":[{"href":"https:\/\/gppg.prs.hr\/index.php?rest_route=\/wp\/v2\/posts\/2502","targetHints":{"allow":["GET"]}}],"collection":[{"href":"https:\/\/gppg.prs.hr\/index.php?rest_route=\/wp\/v2\/posts"}],"about":[{"href":"https:\/\/gppg.prs.hr\/index.php?rest_route=\/wp\/v2\/types\/post"}],"author":[{"embeddable":true,"href":"https:\/\/gppg.prs.hr\/index.php?rest_route=\/wp\/v2\/users\/3"}],"replies":[{"embeddable":true,"href":"https:\/\/gppg.prs.hr\/index.php?rest_route=%2Fwp%2Fv2%2Fcomments&post=2502"}],"version-history":[{"count":5,"href":"https:\/\/gppg.prs.hr\/index.php?rest_route=\/wp\/v2\/posts\/2502\/revisions"}],"predecessor-version":[{"id":3234,"href":"https:\/\/gppg.prs.hr\/index.php?rest_route=\/wp\/v2\/posts\/2502\/revisions\/3234"}],"wp:featuredmedia":[{"embeddable":true,"href":"https:\/\/gppg.prs.hr\/index.php?rest_route=\/wp\/v2\/media\/2503"}],"wp:attachment":[{"href":"https:\/\/gppg.prs.hr\/index.php?rest_route=%2Fwp%2Fv2%2Fmedia&parent=2502"}],"wp:term":[{"taxonomy":"category","embeddable":true,"href":"https:\/\/gppg.prs.hr\/index.php?rest_route=%2Fwp%2Fv2%2Fcategories&post=2502"},{"taxonomy":"post_tag","embeddable":true,"href":"https:\/\/gppg.prs.hr\/index.php?rest_route=%2Fwp%2Fv2%2Ftags&post=2502"}],"curies":[{"name":"wp","href":"https:\/\/api.w.org\/{rel}","templated":true}]}}