{"id":2514,"date":"2019-06-14T12:24:00","date_gmt":"2019-06-14T12:24:00","guid":{"rendered":"https:\/\/gppg.prs.hr\/?p=2514"},"modified":"2020-09-16T14:29:28","modified_gmt":"2020-09-16T14:29:28","slug":"sudjelovanje-na-medunarodnoj-konferenciji-na-pravnom-fakultetu","status":"publish","type":"post","link":"https:\/\/gppg.prs.hr\/?p=2514","title":{"rendered":"Sudjelovanje na me\u0111unarodnoj konferenciji na Pravnom fakultetu"},"content":{"rendered":"\n<p>Pravni fakultet u Zagrebu organizirao je me\u0111unarodnu konferenciju &#8220;<strong>Workers&#8217; Rights at the Intersection of Labour Law and Economics<\/strong>&#8221;\n na kojoj su predstavljeni radovi na teme: pravni i ekonomski pristupi \npravdi, zakonske i ekonomske implikacije samozapo\u0161ljavanja, minimalne \npla\u0107e u zemljama u razvoju, utjecaji sindikata na odre\u0111ivanje pla\u0107a u \nSkandinaviji, pitanje ekonomskih tro\u0161kova mehanizama ne-diskriminacije i\n dru\u0161tvene opravdanosti istih, pitanje klasi\u010dnog radnog vremena, pravna i\n financijska pitanja u vezi mirovina osoba koje rade u vi\u0161e zemalja.<\/p>\n\n\n\n<p>Na konferenciji su govorili prof.  Jeremias Prassl (University of Oxford), prof. Anthony Kerr i prof. Frank  Walsh (University College Dublin), prof. Andreas Inghammar (University  of Lund), prof. Ivana Grgurev i Ivana Vukorepa (Sveu\u010dili\u0161te u Zagrebu).<\/p>\n\n\n\n<p>U raspravi o rodnom jazu u pla\u0107ama  koordinatorica projekta Sanda Brumen predstavila je EU projekt \u201eJednaka  prava &#8211; jednake pla\u0107e &#8211; jednake mirovine\u201d kojeg trenutno provodi  Pravobraniteljica za ravnopravnost spolova.<\/p>\n\n\n\n<p><a rel=\"noreferrer noopener\" href=\"https:\/\/www.pravo.unizg.hr\/rsp?@=81re\" target=\"_blank\"><strong>V<\/strong><\/a><a rel=\"noreferrer noopener\" href=\"https:\/\/www.pravo.unizg.hr\/rsp?@=81re\" target=\"_blank\"><strong>i<\/strong><\/a><a rel=\"noreferrer noopener\" href=\"https:\/\/www.pravo.unizg.hr\/rsp?@=81re\" target=\"_blank\"><strong>\u0161<\/strong><\/a><a rel=\"noreferrer noopener\" href=\"https:\/\/www.pravo.unizg.hr\/rsp?@=81re\" target=\"_blank\"><strong>e<\/strong><\/a><a rel=\"noreferrer noopener\" href=\"https:\/\/www.pravo.unizg.hr\/rsp?@=81re\" target=\"_blank\"><strong> <\/strong><\/a><a rel=\"noreferrer noopener\" href=\"https:\/\/www.pravo.unizg.hr\/rsp?@=81re\" target=\"_blank\"><strong>i<\/strong><\/a><a rel=\"noreferrer noopener\" href=\"https:\/\/www.pravo.unizg.hr\/rsp?@=81re\" target=\"_blank\"><strong>nformacija o konferenciji<\/strong><\/a><\/p>\n\n\n\n<p><\/p>\n","protected":false},"excerpt":{"rendered":"<p>Pravni fakultet u Zagrebu organizirao je me\u0111unarodnu konferenciju &#8220;Workers&#8217; Rights at the Intersection of Labour Law and Economics&#8221; na kojoj su predstavljeni radovi na teme: pravni i ekonomski pristupi pravdi, zakonske i ekonomske implikacije samozapo\u0161ljavanja, minimalne pla\u0107e u zemljama u razvoju, utjecaji sindikata na odre\u0111ivanje pla\u0107a u Skandinaviji, pitanje ekonomskih tro\u0161kova mehanizama ne-diskriminacije i dru\u0161tvene &hellip; <a href=\"https:\/\/gppg.prs.hr\/?p=2514\" class=\"more-link\">Continue reading<span class=\"screen-reader-text\"> &#8220;Sudjelovanje na me\u0111unarodnoj konferenciji na Pravnom fakultetu&#8221;<\/span><\/a><\/p>\n","protected":false},"author":3,"featured_media":3226,"comment_status":"closed","ping_status":"closed","sticky":true,"template":"","format":"standard","meta":{"footnotes":""},"categories":[26],"tags":[],"class_list":["post-2514","post","type-post","status-publish","format-standard","has-post-thumbnail","hentry","category-vijesti"],"_links":{"self":[{"href":"https:\/\/gppg.prs.hr\/index.php?rest_route=\/wp\/v2\/posts\/2514","targetHints":{"allow":["GET"]}}],"collection":[{"href":"https:\/\/gppg.prs.hr\/index.php?rest_route=\/wp\/v2\/posts"}],"about":[{"href":"https:\/\/gppg.prs.hr\/index.php?rest_route=\/wp\/v2\/types\/post"}],"author":[{"embeddable":true,"href":"https:\/\/gppg.prs.hr\/index.php?rest_route=\/wp\/v2\/users\/3"}],"replies":[{"embeddable":true,"href":"https:\/\/gppg.prs.hr\/index.php?rest_route=%2Fwp%2Fv2%2Fcomments&post=2514"}],"version-history":[{"count":4,"href":"https:\/\/gppg.prs.hr\/index.php?rest_route=\/wp\/v2\/posts\/2514\/revisions"}],"predecessor-version":[{"id":3224,"href":"https:\/\/gppg.prs.hr\/index.php?rest_route=\/wp\/v2\/posts\/2514\/revisions\/3224"}],"wp:featuredmedia":[{"embeddable":true,"href":"https:\/\/gppg.prs.hr\/index.php?rest_route=\/wp\/v2\/media\/3226"}],"wp:attachment":[{"href":"https:\/\/gppg.prs.hr\/index.php?rest_route=%2Fwp%2Fv2%2Fmedia&parent=2514"}],"wp:term":[{"taxonomy":"category","embeddable":true,"href":"https:\/\/gppg.prs.hr\/index.php?rest_route=%2Fwp%2Fv2%2Fcategories&post=2514"},{"taxonomy":"post_tag","embeddable":true,"href":"https:\/\/gppg.prs.hr\/index.php?rest_route=%2Fwp%2Fv2%2Ftags&post=2514"}],"curies":[{"name":"wp","href":"https:\/\/api.w.org\/{rel}","templated":true}]}}