{"id":2519,"date":"2019-06-28T14:01:05","date_gmt":"2019-06-28T14:01:05","guid":{"rendered":"https:\/\/gppg.prs.hr\/?p=2519"},"modified":"2019-06-28T14:01:07","modified_gmt":"2019-06-28T14:01:07","slug":"projekt-jednaka-prava-jednake-place-jednake-mirovine-predstavljen-na-sastanku-u-briselu","status":"publish","type":"post","link":"https:\/\/gppg.prs.hr\/?p=2519","title":{"rendered":"Projekt \u201cJednaka prava &#8211; jednake pla\u0107e &#8211; jednake mirovine\u201c predstavljen na sastanku u Briselu"},"content":{"rendered":"\n<p>Sastanak organizacija \u010diji projekti se bave osna\u017eivanjem \u017eena i\nborbom protiv rodno utemeljnog nasilja koji su financirani putem Europske\nkomisije temeljem REC (Rights, Equality and Citizenship) programa odr\u017ean je u\nBriselu 26. i 27. lipnja 2019. Na sastanku je DG Justice and Consumers\n(European Commission) predstavio programsko i financijsko provo\u0111enje projekata\ndok su o praksama monitoringa i evaluacije govorile dr. Silvia Scarpa i Kate\nDoyle. Predstavljeni su projekti dobre prakse na teme ravnote\u017ee privatnog i\nposlovnog \u017eivota, rodnog jaza u pla\u0107ama\/mirovinama te stereotipima s kojima se\nsusre\u0107u \u017eene na tr\u017ei\u0161tu rada te sociolo\u0161ke analize koje su odr\u017eale su prof.\nLaura den Dulk i dr. Heejung Chung. Pravobraniteljica za ravnopravnost spolova\nnositeljica je EU projekta \u201cJednaka prava &#8211; jednake pla\u0107e &#8211; jednake mirovine\u201d\nkoji su na sastanku predstavile Sanda Brumen, koordinatorica projekta u uredu\nPravobraniteljice te Marita Grubi\u0161i\u0107-\u010cabo, istra\u017eiva\u010dica na projektu iz partnerske\norganizacije Institut za dru\u0161tvena istra\u017eivanja u Zagrebu.<\/p>\n","protected":false},"excerpt":{"rendered":"<p>Sastanak organizacija \u010diji projekti se bave osna\u017eivanjem \u017eena i borbom protiv rodno utemeljnog nasilja koji su financirani putem Europske komisije temeljem REC (Rights, Equality and Citizenship) programa odr\u017ean je u Briselu 26. i 27. lipnja 2019. Na sastanku je DG Justice and Consumers (European Commission) predstavio programsko i financijsko provo\u0111enje projekata dok su o praksama &hellip; <a href=\"https:\/\/gppg.prs.hr\/?p=2519\" class=\"more-link\">Continue reading<span class=\"screen-reader-text\"> &#8220;Projekt \u201cJednaka prava &#8211; jednake pla\u0107e &#8211; jednake mirovine\u201c predstavljen na sastanku u Briselu&#8221;<\/span><\/a><\/p>\n","protected":false},"author":3,"featured_media":2520,"comment_status":"closed","ping_status":"closed","sticky":true,"template":"","format":"standard","meta":{"footnotes":""},"categories":[26],"tags":[],"class_list":["post-2519","post","type-post","status-publish","format-standard","has-post-thumbnail","hentry","category-vijesti"],"_links":{"self":[{"href":"https:\/\/gppg.prs.hr\/index.php?rest_route=\/wp\/v2\/posts\/2519","targetHints":{"allow":["GET"]}}],"collection":[{"href":"https:\/\/gppg.prs.hr\/index.php?rest_route=\/wp\/v2\/posts"}],"about":[{"href":"https:\/\/gppg.prs.hr\/index.php?rest_route=\/wp\/v2\/types\/post"}],"author":[{"embeddable":true,"href":"https:\/\/gppg.prs.hr\/index.php?rest_route=\/wp\/v2\/users\/3"}],"replies":[{"embeddable":true,"href":"https:\/\/gppg.prs.hr\/index.php?rest_route=%2Fwp%2Fv2%2Fcomments&post=2519"}],"version-history":[{"count":1,"href":"https:\/\/gppg.prs.hr\/index.php?rest_route=\/wp\/v2\/posts\/2519\/revisions"}],"predecessor-version":[{"id":2521,"href":"https:\/\/gppg.prs.hr\/index.php?rest_route=\/wp\/v2\/posts\/2519\/revisions\/2521"}],"wp:featuredmedia":[{"embeddable":true,"href":"https:\/\/gppg.prs.hr\/index.php?rest_route=\/wp\/v2\/media\/2520"}],"wp:attachment":[{"href":"https:\/\/gppg.prs.hr\/index.php?rest_route=%2Fwp%2Fv2%2Fmedia&parent=2519"}],"wp:term":[{"taxonomy":"category","embeddable":true,"href":"https:\/\/gppg.prs.hr\/index.php?rest_route=%2Fwp%2Fv2%2Fcategories&post=2519"},{"taxonomy":"post_tag","embeddable":true,"href":"https:\/\/gppg.prs.hr\/index.php?rest_route=%2Fwp%2Fv2%2Ftags&post=2519"}],"curies":[{"name":"wp","href":"https:\/\/api.w.org\/{rel}","templated":true}]}}