{"id":2531,"date":"2019-07-15T13:50:08","date_gmt":"2019-07-15T13:50:08","guid":{"rendered":"https:\/\/gppg.prs.hr\/?p=2531"},"modified":"2019-07-15T13:51:57","modified_gmt":"2019-07-15T13:51:57","slug":"odrzan-cetvrti-partnerski-sastanak","status":"publish","type":"post","link":"https:\/\/gppg.prs.hr\/?p=2531","title":{"rendered":"Odr\u017ean \u010detvrti partnerski sastanak"},"content":{"rendered":"\n<p>Odr\u017ean je \u010devrti redoviti sastanak partnerskih organizacija u\nokviru projekta \u201cJednaka prava \u2013 jednake pla\u0107e \u2013 jednake mirovine\u201d. Na sastanku\nodr\u017eanom u prostorijama Pravobraniteljice predstavljene su provedene aktivnosti\nte se razgovaralo o aktualnim aktivnostima \u2013 istra\u017eivanjima na temu rodnog jaza\nu pla\u0107ama i mirovinama na uzorku u\u010denika\/ca srednjih \u0161kola te zaposlenika\/ca na\nvoditeljskim\/upravlja\u010dkim polo\u017eajima te o predstoje\u0107im aktivnostima kao \u0161to su\nizrada edukacijskog priru\u010dnika i odr\u017eavanje radionica u Zagrebu, Splitu, Rijeci\ni Osijeku u zadnjem kvartalu 2019. godine.&nbsp; <\/p>\n\n\n\n<p>Na sastanku su sudjelovale\/i pravobraniteljica za ravnopravnost\nspolova Vi\u0161nja Ljubi\u010di\u0107; Mladenka Morovi\u0107, \u010dlanica projekta; Sanda Brumen,\nkoordinatorica projekta; te predstavnici\/e partnerskih organizacija: Josip\n\u0160ipi\u0107 ispred Instituta za dru\u0161tvena istra\u017eivanja u Zagrebu te Igor Kne\u017eevi\u0107\nispred Sindikata umirovljenika Hrvatske.<\/p>\n","protected":false},"excerpt":{"rendered":"<p>Odr\u017ean je \u010devrti redoviti sastanak partnerskih organizacija u okviru projekta \u201cJednaka prava \u2013 jednake pla\u0107e \u2013 jednake mirovine\u201d. Na sastanku odr\u017eanom u prostorijama Pravobraniteljice predstavljene su provedene aktivnosti te se razgovaralo o aktualnim aktivnostima \u2013 istra\u017eivanjima na temu rodnog jaza u pla\u0107ama i mirovinama na uzorku u\u010denika\/ca srednjih \u0161kola te zaposlenika\/ca na voditeljskim\/upravlja\u010dkim polo\u017eajima te &hellip; <a href=\"https:\/\/gppg.prs.hr\/?p=2531\" class=\"more-link\">Continue reading<span class=\"screen-reader-text\"> &#8220;Odr\u017ean \u010detvrti partnerski sastanak&#8221;<\/span><\/a><\/p>\n","protected":false},"author":3,"featured_media":2532,"comment_status":"closed","ping_status":"closed","sticky":true,"template":"","format":"standard","meta":{"footnotes":""},"categories":[26],"tags":[],"class_list":["post-2531","post","type-post","status-publish","format-standard","has-post-thumbnail","hentry","category-vijesti"],"_links":{"self":[{"href":"https:\/\/gppg.prs.hr\/index.php?rest_route=\/wp\/v2\/posts\/2531","targetHints":{"allow":["GET"]}}],"collection":[{"href":"https:\/\/gppg.prs.hr\/index.php?rest_route=\/wp\/v2\/posts"}],"about":[{"href":"https:\/\/gppg.prs.hr\/index.php?rest_route=\/wp\/v2\/types\/post"}],"author":[{"embeddable":true,"href":"https:\/\/gppg.prs.hr\/index.php?rest_route=\/wp\/v2\/users\/3"}],"replies":[{"embeddable":true,"href":"https:\/\/gppg.prs.hr\/index.php?rest_route=%2Fwp%2Fv2%2Fcomments&post=2531"}],"version-history":[{"count":1,"href":"https:\/\/gppg.prs.hr\/index.php?rest_route=\/wp\/v2\/posts\/2531\/revisions"}],"predecessor-version":[{"id":2533,"href":"https:\/\/gppg.prs.hr\/index.php?rest_route=\/wp\/v2\/posts\/2531\/revisions\/2533"}],"wp:featuredmedia":[{"embeddable":true,"href":"https:\/\/gppg.prs.hr\/index.php?rest_route=\/wp\/v2\/media\/2532"}],"wp:attachment":[{"href":"https:\/\/gppg.prs.hr\/index.php?rest_route=%2Fwp%2Fv2%2Fmedia&parent=2531"}],"wp:term":[{"taxonomy":"category","embeddable":true,"href":"https:\/\/gppg.prs.hr\/index.php?rest_route=%2Fwp%2Fv2%2Fcategories&post=2531"},{"taxonomy":"post_tag","embeddable":true,"href":"https:\/\/gppg.prs.hr\/index.php?rest_route=%2Fwp%2Fv2%2Ftags&post=2531"}],"curies":[{"name":"wp","href":"https:\/\/api.w.org\/{rel}","templated":true}]}}