{"id":2593,"date":"2019-08-01T11:40:55","date_gmt":"2019-08-01T11:40:55","guid":{"rendered":"https:\/\/gppg.prs.hr\/?p=2593"},"modified":"2020-09-15T09:41:59","modified_gmt":"2020-09-15T09:41:59","slug":"direktiva-o-ravnotezi-izmedu-privatnog-i-poslovnog-zivota","status":"publish","type":"post","link":"https:\/\/gppg.prs.hr\/?p=2593","title":{"rendered":"Direktiva o ravnote\u017ei izme\u0111u privatnog i poslovnog \u017eivota"},"content":{"rendered":"\n<p>Danas je na snagu stupila Direktiva o ravnote\u017ei izme\u0111u privatnog i poslovnog \u017eivota (<strong>Direktiva (EU) 2019\/1158 Europskog parlamenta i Vije\u0107a od 20. lipnja 2019. o ravnote\u017ei izme\u0111u poslovnog i privatnog \u017eivota roditelja i pru\u017eatelja skrbi i o stavljanju izvan snage Direktive Vije\u0107a 2010\/18\/EU<\/strong>), cilj je pove\u0107ati sudjelovanje \u017eena na tr\u017ei\u0161tu rada, pove\u0107ati opseg uzimanja godi\u0161njeg dopusta za obitelj i fleksibilnih radnih uvjeta me\u0111u mu\u0161karcima, pru\u017eiti mogu\u0107nosti da se radnicima i radnicama odobri dopust u svrhu skrbi za \u010dlanove obitelji kojima je potrebna potpora. Dr\u017eave \u010dlanice EU-a moraju prenijeti odredbe u nacionalno zakonodavstvo do 2. kolovoza 2022.<\/p>\n\n\n\n<p>Vi\u0161e informacija mo\u017eete na\u0107i na <a href=\"https:\/\/www.consilium.europa.eu\/hr\/policies\/work-life-balance\/\" target=\"_blank\" rel=\"noreferrer noopener\"><strong>linku.<\/strong><\/a><\/p>\n\n\n\n<p><\/p>\n","protected":false},"excerpt":{"rendered":"<p>Danas je na snagu stupila Direktiva o ravnote\u017ei izme\u0111u privatnog i poslovnog \u017eivota (Direktiva (EU) 2019\/1158 Europskog parlamenta i Vije\u0107a od 20. lipnja 2019. o ravnote\u017ei izme\u0111u poslovnog i privatnog \u017eivota roditelja i pru\u017eatelja skrbi i o stavljanju izvan snage Direktive Vije\u0107a 2010\/18\/EU), cilj je pove\u0107ati sudjelovanje \u017eena na tr\u017ei\u0161tu rada, pove\u0107ati opseg uzimanja godi\u0161njeg &hellip; <a href=\"https:\/\/gppg.prs.hr\/?p=2593\" class=\"more-link\">Continue reading<span class=\"screen-reader-text\"> &#8220;Direktiva o ravnote\u017ei izme\u0111u privatnog i poslovnog \u017eivota&#8221;<\/span><\/a><\/p>\n","protected":false},"author":3,"featured_media":2594,"comment_status":"closed","ping_status":"closed","sticky":true,"template":"","format":"standard","meta":{"footnotes":""},"categories":[26],"tags":[],"class_list":["post-2593","post","type-post","status-publish","format-standard","has-post-thumbnail","hentry","category-vijesti"],"_links":{"self":[{"href":"https:\/\/gppg.prs.hr\/index.php?rest_route=\/wp\/v2\/posts\/2593","targetHints":{"allow":["GET"]}}],"collection":[{"href":"https:\/\/gppg.prs.hr\/index.php?rest_route=\/wp\/v2\/posts"}],"about":[{"href":"https:\/\/gppg.prs.hr\/index.php?rest_route=\/wp\/v2\/types\/post"}],"author":[{"embeddable":true,"href":"https:\/\/gppg.prs.hr\/index.php?rest_route=\/wp\/v2\/users\/3"}],"replies":[{"embeddable":true,"href":"https:\/\/gppg.prs.hr\/index.php?rest_route=%2Fwp%2Fv2%2Fcomments&post=2593"}],"version-history":[{"count":3,"href":"https:\/\/gppg.prs.hr\/index.php?rest_route=\/wp\/v2\/posts\/2593\/revisions"}],"predecessor-version":[{"id":3204,"href":"https:\/\/gppg.prs.hr\/index.php?rest_route=\/wp\/v2\/posts\/2593\/revisions\/3204"}],"wp:featuredmedia":[{"embeddable":true,"href":"https:\/\/gppg.prs.hr\/index.php?rest_route=\/wp\/v2\/media\/2594"}],"wp:attachment":[{"href":"https:\/\/gppg.prs.hr\/index.php?rest_route=%2Fwp%2Fv2%2Fmedia&parent=2593"}],"wp:term":[{"taxonomy":"category","embeddable":true,"href":"https:\/\/gppg.prs.hr\/index.php?rest_route=%2Fwp%2Fv2%2Fcategories&post=2593"},{"taxonomy":"post_tag","embeddable":true,"href":"https:\/\/gppg.prs.hr\/index.php?rest_route=%2Fwp%2Fv2%2Ftags&post=2593"}],"curies":[{"name":"wp","href":"https:\/\/api.w.org\/{rel}","templated":true}]}}