{"id":2669,"date":"2019-11-21T12:15:04","date_gmt":"2019-11-21T12:15:04","guid":{"rendered":"https:\/\/gppg.prs.hr\/?p=2669"},"modified":"2020-09-14T08:35:29","modified_gmt":"2020-09-14T08:35:29","slug":"odrzana-radionica-u-splitu","status":"publish","type":"post","link":"https:\/\/gppg.prs.hr\/?p=2669","title":{"rendered":"U Splitu odr\u017eana radionica \u201eRavnopravnost za sve\u201c u ostvarivanju pla\u0107a i mirovina"},"content":{"rendered":"\n<p>Pravobraniteljica\nza ravnopravnost spolova u suradnji sa CESI \u2013 Centrom za edukaciju,\nsavjetovanje i istra\u017eivanje odr\u017eala je od 19.-20. studenog u Splitu u hotelu\nPark drugu u nizu radionica RAVNOPRAVNOST ZA SVE! koje se provode u sklopu EU\nprojekta \u201cJednaka prava \u2013 jednake pla\u0107e \u2013 jednake mirovine\u201d. Cilj edukacija je\npodizanje svijesti o dru\u0161tvenom problemu jaza u pla\u0107ama i mirovinama izme\u0111u\nmu\u0161karaca i \u017eena, odnosno sprje\u010davanje rizika siroma\u0161tva za \u017eene u Hrvatskoj.<\/p>\n\n\n\n<p>Sudionicama\/ima\nje predstavljen projekt te provedene aktivnosti a teme o kojima se raspravljalo\nbile su problem jednakih pla\u0107a i mirovina, pitanja roda i spola, utjecaj\nobrazovanja na problem nejednakih pla\u0107a te va\u017enost uskla\u0111ivanja obiteljskog i\nprofesionalnog \u017eivota u svrhu postizanja ravnopravnosti u svijetu rada i\nmirovinskog sustava. Partnerska organizacija iz Belgije predstavila je\nsituaciju u Belgiji kao primjer dobre prakse u postizanju jednakosti u pla\u0107ama\ni mirovinama.<\/p>\n\n\n\n<p>Radonicu\nsu odr\u017eale Anamarija Tkal\u010dec ispred CESI \u2013 Centra za edukaciju, savjetovanje i\nistra\u017eivanje, Jasna A. Petrovi\u0107 i Igor Kne\u017eevi\u0107 iz Sindikata umirovljenika\nHrvatske, Hildegard van Hove iz Instituta za ravnopravnost \u017eena i mu\u0161karaca\n(Belgija) te Sanda Brumen ispred Pravobraniteljice za ravnopravnost spolova. Na\nradionici je sudjelovalo vi\u0161e od 40 predstavnika\/ca iz sljede\u0107ih\ntvrtki\/institucija\/\u0161kola\/udruga: Grada Splita, Povjerenstva za ravnopravnost\nspolova Grada Splita, Centara za socijalnu skrb (Split, Ka\u0161tela), Ekonomskog\nfakultet u Splitu, Prirodoslovno-matemati\u010dkog fakulteta u Splitu, Zdravstvenih\nstudija u Splitu, Ekonomske i upravne \u0161kola, Tehni\u010dke \u0161kole za strojarstvo i\nmehatroniku, Centra za odgoj i obrazovanje \u201eJuraj Bona\u010di\u201c, Hrvatske gospodarske\nkomore, Hrvatske udruge poslodavaca, udruge Bijeli krug Hrvatske, Saveza\nsamostalnih sindikata Hrvatske (ured u Splitu), Sindikata umirovljenika\nHrvatske, udruge Navada, udruge Klub u\u010denja, udruge poslovnih \u017eena Krug, udruge\nSrednje godine, udruge Mi, Radija Dalmacija, udruge Domine, udruge \u017denska grupa\nSplit, Instituta za dru\u0161tvena istra\u017eivanja i CESI \u2013 Centra za edukaciju,\nsavjetovanje i istra\u017eivanje. <\/p>\n\n\n\n<p>Sljede\u0107e radionice odr\u017eat \u0107e se u Rijeci (12.-13. prosinca 2019.) te Osijeku (23.-24. sije\u010dnja 2020.)<\/p>\n\n\n\n<p><strong><a href=\"https:\/\/gppg.prs.hr\/?p=3044\" target=\"_blank\" rel=\"noreferrer noopener\">FOTO GALERIJA<\/a><\/strong><\/p>\n\n\n\n<p><strong><a href=\"https:\/\/www.youtube.com\/watch?v=smUcpz31WZc\" target=\"_blank\" rel=\"noreferrer noopener\">Televizija Jadran, Vijesti, 20.11.2019.: video<\/a><\/strong><\/p>\n\n\n\n<p><strong><a href=\"https:\/\/www.hup.hr\/radionica-ravnopravnost-za-sve.aspx?fbclid=IwAR319r20S0VzunNP-d_UOFzMbE7I05xf0tBmUSEJIE1UIwB5RWHF16s5AHc\" target=\"_blank\" rel=\"noreferrer noopener\">HUP.hr<\/a><\/strong><\/p>\n\n\n\n<p><strong><a href=\"https:\/\/gppg.prs.hr\/?p=3044\" target=\"_blank\" rel=\"noreferrer noopener\">Fotografije<\/a><\/strong><\/p>\n","protected":false},"excerpt":{"rendered":"<p>Pravobraniteljica za ravnopravnost spolova u suradnji sa CESI \u2013 Centrom za edukaciju, savjetovanje i istra\u017eivanje odr\u017eala je od 19.-20. studenog u Splitu u hotelu Park drugu u nizu radionica RAVNOPRAVNOST ZA SVE! koje se provode u sklopu EU projekta \u201cJednaka prava \u2013 jednake pla\u0107e \u2013 jednake mirovine\u201d. Cilj edukacija je podizanje svijesti o dru\u0161tvenom problemu &hellip; <a href=\"https:\/\/gppg.prs.hr\/?p=2669\" class=\"more-link\">Continue reading<span class=\"screen-reader-text\"> &#8220;U Splitu odr\u017eana radionica \u201eRavnopravnost za sve\u201c u ostvarivanju pla\u0107a i mirovina&#8221;<\/span><\/a><\/p>\n","protected":false},"author":3,"featured_media":2670,"comment_status":"closed","ping_status":"closed","sticky":true,"template":"","format":"standard","meta":{"footnotes":""},"categories":[26],"tags":[],"class_list":["post-2669","post","type-post","status-publish","format-standard","has-post-thumbnail","hentry","category-vijesti"],"_links":{"self":[{"href":"https:\/\/gppg.prs.hr\/index.php?rest_route=\/wp\/v2\/posts\/2669","targetHints":{"allow":["GET"]}}],"collection":[{"href":"https:\/\/gppg.prs.hr\/index.php?rest_route=\/wp\/v2\/posts"}],"about":[{"href":"https:\/\/gppg.prs.hr\/index.php?rest_route=\/wp\/v2\/types\/post"}],"author":[{"embeddable":true,"href":"https:\/\/gppg.prs.hr\/index.php?rest_route=\/wp\/v2\/users\/3"}],"replies":[{"embeddable":true,"href":"https:\/\/gppg.prs.hr\/index.php?rest_route=%2Fwp%2Fv2%2Fcomments&post=2669"}],"version-history":[{"count":8,"href":"https:\/\/gppg.prs.hr\/index.php?rest_route=\/wp\/v2\/posts\/2669\/revisions"}],"predecessor-version":[{"id":3166,"href":"https:\/\/gppg.prs.hr\/index.php?rest_route=\/wp\/v2\/posts\/2669\/revisions\/3166"}],"wp:featuredmedia":[{"embeddable":true,"href":"https:\/\/gppg.prs.hr\/index.php?rest_route=\/wp\/v2\/media\/2670"}],"wp:attachment":[{"href":"https:\/\/gppg.prs.hr\/index.php?rest_route=%2Fwp%2Fv2%2Fmedia&parent=2669"}],"wp:term":[{"taxonomy":"category","embeddable":true,"href":"https:\/\/gppg.prs.hr\/index.php?rest_route=%2Fwp%2Fv2%2Fcategories&post=2669"},{"taxonomy":"post_tag","embeddable":true,"href":"https:\/\/gppg.prs.hr\/index.php?rest_route=%2Fwp%2Fv2%2Ftags&post=2669"}],"curies":[{"name":"wp","href":"https:\/\/api.w.org\/{rel}","templated":true}]}}