{"id":2682,"date":"2019-11-27T15:11:13","date_gmt":"2019-11-27T15:11:13","guid":{"rendered":"https:\/\/gppg.prs.hr\/?p=2682"},"modified":"2019-11-27T15:12:49","modified_gmt":"2019-11-27T15:12:49","slug":"sudjelovanje-na-okruglom-stolu-rodna-ravnopravnost-u-politici-placa-problemi-i-moguca-rjesenja","status":"publish","type":"post","link":"https:\/\/gppg.prs.hr\/?p=2682","title":{"rendered":"Sudjelovanje na okruglom stolu &#8220;Rodna ravnopravnost u politici pla\u0107a &#8211; problemi i mogu\u0107a rje\u0161enja&#8221;"},"content":{"rendered":"\n<p>Pravobraniteljica za ravnopravnost \nspolova, Vi\u0161nja Ljubi\u010di\u0107, sudjelovala je na okruglom stolu \u201eRodna \nravnopravnost u politici pla\u0107a \u2013 problemi i mogu\u0107a rje\u0161enja\u201c odr\u017eanom u \nHrvatskom saboru u organizaciji Kluba zastupnika Hrvatske selja\u010dke \nstranke i Demokrata. Pravobraniteljica je iznijela podatke o razlikama u\n pla\u0107ama \u017eena i mu\u0161karaca, uzrocima jaza u pla\u0107ama i mirovinama, \npodzastupljenosti \u017eena na upravlja\u010dkim pozicijama te navela da se \nnajve\u0107i broj pritu\u017ebi na diskriminaciju koje zaprima institucija \nPravobranitejice ve\u0107 godinama odnosi na podru\u010dje rada i zapo\u0161ljavanja te\n socijalne sigurnosti. Spomenula je i aktivnosti dva EU projekta kojih \nje nositeljica, a koji tematiziraju jednake pla\u0107e \u201ePrema stvarnoj \nravnopravnosti mu\u0161karaca i \u017eena: uskla\u0111ivanje profesionalnog i \nobiteljskog \u017eivota\u201d te &#8220;Jednaka prava-jednake pla\u0107e-\u0160irenje opsega \nimplementacije akcija i zakonskih standarda rodne ravnopravnosti s \nciljem dostizanja rodne ravnopravnosti i sprje\u010davanja siroma\u0161tva u \nHrvatskoj&#8221;.<\/p>\n\n\n\n<p>Izlaganje je zaklju\u010dila preporukama \nmjera za poticanje \u017eena na uklju\u010divanje na tr\u017ei\u0161te rada kako bi se \nprekinula postoje\u0107a stagnacija stope radne aktivnosti \u017eena, mjera za \npromicanje rodno uravnote\u017eene strukture zaposlenika\/ica, mjera za \nuklanjanje horizontalne\/sektorske i vertikalne segregacije tr\u017ei\u0161ta rada,\n mjera s ciljem smanjivanja jaza u pla\u0107ama, mjera koje \u0107e osigurati \nu\u010dinkovitiju za\u0161titu trudnica i rodilja te mjera za uskla\u0111ivanje \nprofesionalnog i obiteljskog \u017eivota.<\/p>\n\n\n\n<p>Na okruglom stolu govorili su i Marina\n Kasuni\u0107 Peris, koordinatorica za rad i socijalnu politiku u Savjetu \nDemokrata, Mirando Mrsi\u0107, predsjednik Demokrata, koji je naglasio da je \ncilj ovog stola uspostava dijaloga izme\u0111u raznih segmenata dru\u0161tva: \nposlodavaca, sindikata, civilnog dru\u0161tva te predstavnika\/ca vlasti,&nbsp;Milica\n Jovanovi\u0107 iz Hrvatske udruge poslodavaca koja je govorila o politici \npla\u0107a u ulozi suzbijanja jaza u pla\u0107ama \u2013 perspektiva poslodavaca dok je\n Ana Mili\u010devi\u0107 Pezelj iz Saveza samostalnih sindikata Hrvatske govorila o\n ulozi sindikata u promicanju transparentne politike pla\u0107a.&nbsp;Na kraju je \npredstavljen Nacrt prijedloga Zakona o promicanju transparentnosti u \npolitici pla\u0107a koji predla\u017eu Demokrati. Okrugl stol je zavr\u0161io raspravom\n o izlo\u017eenim temama.<\/p>\n","protected":false},"excerpt":{"rendered":"<p>Pravobraniteljica za ravnopravnost spolova, Vi\u0161nja Ljubi\u010di\u0107, sudjelovala je na okruglom stolu \u201eRodna ravnopravnost u politici pla\u0107a \u2013 problemi i mogu\u0107a rje\u0161enja\u201c odr\u017eanom u Hrvatskom saboru u organizaciji Kluba zastupnika Hrvatske selja\u010dke stranke i Demokrata. Pravobraniteljica je iznijela podatke o razlikama u pla\u0107ama \u017eena i mu\u0161karaca, uzrocima jaza u pla\u0107ama i mirovinama, podzastupljenosti \u017eena na upravlja\u010dkim &hellip; <a href=\"https:\/\/gppg.prs.hr\/?p=2682\" class=\"more-link\">Continue reading<span class=\"screen-reader-text\"> &#8220;Sudjelovanje na okruglom stolu &#8220;Rodna ravnopravnost u politici pla\u0107a &#8211; problemi i mogu\u0107a rje\u0161enja&#8221;&#8221;<\/span><\/a><\/p>\n","protected":false},"author":3,"featured_media":2683,"comment_status":"closed","ping_status":"closed","sticky":true,"template":"","format":"standard","meta":{"footnotes":""},"categories":[26],"tags":[],"class_list":["post-2682","post","type-post","status-publish","format-standard","has-post-thumbnail","hentry","category-vijesti"],"_links":{"self":[{"href":"https:\/\/gppg.prs.hr\/index.php?rest_route=\/wp\/v2\/posts\/2682","targetHints":{"allow":["GET"]}}],"collection":[{"href":"https:\/\/gppg.prs.hr\/index.php?rest_route=\/wp\/v2\/posts"}],"about":[{"href":"https:\/\/gppg.prs.hr\/index.php?rest_route=\/wp\/v2\/types\/post"}],"author":[{"embeddable":true,"href":"https:\/\/gppg.prs.hr\/index.php?rest_route=\/wp\/v2\/users\/3"}],"replies":[{"embeddable":true,"href":"https:\/\/gppg.prs.hr\/index.php?rest_route=%2Fwp%2Fv2%2Fcomments&post=2682"}],"version-history":[{"count":1,"href":"https:\/\/gppg.prs.hr\/index.php?rest_route=\/wp\/v2\/posts\/2682\/revisions"}],"predecessor-version":[{"id":2684,"href":"https:\/\/gppg.prs.hr\/index.php?rest_route=\/wp\/v2\/posts\/2682\/revisions\/2684"}],"wp:featuredmedia":[{"embeddable":true,"href":"https:\/\/gppg.prs.hr\/index.php?rest_route=\/wp\/v2\/media\/2683"}],"wp:attachment":[{"href":"https:\/\/gppg.prs.hr\/index.php?rest_route=%2Fwp%2Fv2%2Fmedia&parent=2682"}],"wp:term":[{"taxonomy":"category","embeddable":true,"href":"https:\/\/gppg.prs.hr\/index.php?rest_route=%2Fwp%2Fv2%2Fcategories&post=2682"},{"taxonomy":"post_tag","embeddable":true,"href":"https:\/\/gppg.prs.hr\/index.php?rest_route=%2Fwp%2Fv2%2Ftags&post=2682"}],"curies":[{"name":"wp","href":"https:\/\/api.w.org\/{rel}","templated":true}]}}