{"id":2689,"date":"2019-12-04T09:33:54","date_gmt":"2019-12-04T09:33:54","guid":{"rendered":"https:\/\/gppg.prs.hr\/?p=2689"},"modified":"2020-02-17T08:49:51","modified_gmt":"2020-02-17T08:49:51","slug":"poziv-na-radionicu-u-rijeci-12-13-12-2019","status":"publish","type":"post","link":"https:\/\/gppg.prs.hr\/?p=2689","title":{"rendered":"Poziv na radionicu u Rijeci, 12.-13.12.2019."},"content":{"rendered":"\n<p>Pravobraniteljica  za ravnopravnost spolova u suradnji sa CESI \u2013 Centrom za edukaciju,  savjetovanje i istra\u017eivanje organizira radionice RAVNOPRAVNOST ZA SVE!  koje se provode u sklopu projekta \u2013 \u201cJednaka prava \u2013 jednake pla\u0107e \u2013  jednake mirovine\u201d, a cilj je podizanje svijesti o dru\u0161tvenom problemu  jaza u pla\u0107ama i mirovinama izme\u0111u mu\u0161karaca i \u017eena, odnosno  sprje\u010davanje rizika siroma\u0161tva za \u017eene u Hrvatskoj. Tre\u0107a u nizu  radionica \u0107e se odr\u017eati <strong>u Rijeci 12.-13. prosinca 2019.<\/strong>  u hotelu Bonavia (Dolac 4) a namijenjena je predstavnicima\/ama: privatnih i javnih tvrtki,  ustanova u sustavu zdravstva i socijalne skrbi, sindikata, organizacija  civilnog dru\u0161tva, vlasti na lokalnoj i nacionalnoj razini te  u\u010denicima\/ama srednjih \u0161kola. Teme radionica su: rod i spol, rodni  stereotipi, utjecaj obrazovanja na nejednakost u pla\u0107ama, uskla\u0111ivanje  obiteljskog i privatnog \u017eivota, rodni jaz u pla\u0107ama i mirovinama u Belgiji te mirovinski sustav i siroma\u0161tvo starijih osoba.<\/p>\n\n\n\n<p>Nakon Zagreba, Splita i Rijeke slijedi \nposljednja radionica u Osijeku (23. \u2013 24. 1. 2020.), o \u010demu \u0107e uskoro \nbiti objavljeno vi\u0161e informacija.<\/p>\n\n\n\n<p>Molimo da se za radionicu u Rijeci prijavite na: <a href=\"mailto:anamarija.tkalcec@cesi.hr\">anamarija.tkalcec@cesi.hr<\/a> najkasnije do \u010detvrtka 9. prosinca 2019.<\/p>\n\n\n\n<p>Vi\u0161e informacija mo\u017eete dobiti na <a href=\"mailto:equal-rpp@prs.hr\">equal-rpp@prs.hr<\/a> i 01\/4848100.<\/p>\n\n\n\n<p><strong>Program<\/strong>:<\/p>\n\n\n\n<p><strong>\u010cetvrtak 12.12.2019. <\/strong><\/p>\n\n\n\n<p><strong>9&#8217;30 \u2013 10&#8217;00<\/strong> Dolazak sudionika i sudionica uz\nosvje\u017eenje dobrodo\u0161lice&nbsp; <\/p>\n\n\n\n<p><strong>10&#8217;00 \u2013&nbsp;\n10&#8217;15<\/strong> Pozdrav i uvodni govor ureda Pravobraniteljice za\nravnopravnost spolova RH&nbsp; <\/p>\n\n\n\n<p><strong>10&#8217;15 \u2013 10&#8242; 45<\/strong> Uvod u radionice i informacije o radu <\/p>\n\n\n\n<p><strong>10&#8217;45 \u2013 11&#8217;20<\/strong> Uvod u problem jednakopravnih pla\u0107a i\nmirovina <\/p>\n\n\n\n<p><strong>11&#8217;20 \u2013 12&#8217;00<\/strong> Uvod u pitanja roda i spola&nbsp; <\/p>\n\n\n\n<p><strong>12&#8217;00 \u2013 12&#8217;45<\/strong> Pauza za osvje\u017eenje i lagani ru\u010dak&nbsp; <\/p>\n\n\n\n<p><strong>12 &#8217;45 \u2013 13&#8217;30<\/strong> Belgija kao primjer dobre prakse u\npostizanju jednakosti u pla\u0107ama i mirovinama <\/p>\n\n\n\n<p><strong>13&#8217;30 \u2013 14&#8217;30<\/strong> Kako obrazovanje utje\u010de na problem\nnejednakih pla\u0107a <\/p>\n\n\n\n<p><strong>14&#8217;15 \u2013 15&#8217;00<\/strong> Va\u017enost pitanja uskla\u0111ivanja obiteljskog i\nprofesionalnog \u017eivota u svrhu postizanja ravnopravnosti u svijetu rada i\nmirovinskog sustava <\/p>\n\n\n\n<p><strong>Petak\n13.12.2019.<\/strong><strong> <\/strong><\/p>\n\n\n\n<p><strong>9&#8217;30 \u2013 10&#8217;00<\/strong> Dolazak sudionika i sudionica uz\nosvje\u017eenje dobrodo\u0161lice&nbsp; <\/p>\n\n\n\n<p><strong>10 &#8217;00\u2013 10&#8217;20<\/strong> Predstavljanje World cafe metode rada i\npodjela po temama:<\/p>\n\n\n\n<ul class=\"wp-block-list\"><li><em>Obrazovanje<\/em><\/li><li><em>Rodni stereotipi u dru\u0161tvu<\/em><\/li><li><em>Svijet rada<\/em><\/li><li><em>Mirovinski sustav i siroma\u0161tvo starijih osoba<\/em><\/li><li><em>Uskla\u0111ivanje privatnog i profesionalnog \u017eivota<\/em><\/li><\/ul>\n\n\n\n<p><strong>10&#8217;20 \u2013 11&#8217;20<\/strong> Rad u grupama <\/p>\n\n\n\n<p><strong>11&#8217;20 \u2013 12&#8217;20<\/strong> Rasprava i zaklju\u010dci s grupa te izrada\npreporuka za postizanje jednakih pla\u0107a i &nbsp;&nbsp;mirovina za \u017eene i mu\u0161karce <\/p>\n\n\n\n<p>Zavr\u0161na evaluacija\nrada <\/p>\n\n\n\n<p><strong>12&#8217;20 \u2013 13&#8217;20<\/strong> Lagani ru\u010dak uz osvje\u017eenje <\/p>\n\n\n\n<p><a href=\"https:\/\/www.rijeka.hr\/radionica-ravnopravnost-za-sve\/?fbclid=IwAR24O8JP8mg4C7T52TvOCilnR65-1fCPIGdKiMikL6eG5JItnJO3Z1QpDjA\">Rijeka.hr<\/a><\/p>\n","protected":false},"excerpt":{"rendered":"<p>Pravobraniteljica za ravnopravnost spolova u suradnji sa CESI \u2013 Centrom za edukaciju, savjetovanje i istra\u017eivanje organizira radionice RAVNOPRAVNOST ZA SVE! koje se provode u sklopu projekta \u2013 \u201cJednaka prava \u2013 jednake pla\u0107e \u2013 jednake mirovine\u201d, a cilj je podizanje svijesti o dru\u0161tvenom problemu jaza u pla\u0107ama i mirovinama izme\u0111u mu\u0161karaca i \u017eena, odnosno sprje\u010davanje rizika &hellip; <a href=\"https:\/\/gppg.prs.hr\/?p=2689\" class=\"more-link\">Continue reading<span class=\"screen-reader-text\"> &#8220;Poziv na radionicu u Rijeci, 12.-13.12.2019.&#8221;<\/span><\/a><\/p>\n","protected":false},"author":3,"featured_media":2615,"comment_status":"closed","ping_status":"closed","sticky":true,"template":"","format":"standard","meta":{"footnotes":""},"categories":[26],"tags":[],"class_list":["post-2689","post","type-post","status-publish","format-standard","has-post-thumbnail","hentry","category-vijesti"],"_links":{"self":[{"href":"https:\/\/gppg.prs.hr\/index.php?rest_route=\/wp\/v2\/posts\/2689","targetHints":{"allow":["GET"]}}],"collection":[{"href":"https:\/\/gppg.prs.hr\/index.php?rest_route=\/wp\/v2\/posts"}],"about":[{"href":"https:\/\/gppg.prs.hr\/index.php?rest_route=\/wp\/v2\/types\/post"}],"author":[{"embeddable":true,"href":"https:\/\/gppg.prs.hr\/index.php?rest_route=\/wp\/v2\/users\/3"}],"replies":[{"embeddable":true,"href":"https:\/\/gppg.prs.hr\/index.php?rest_route=%2Fwp%2Fv2%2Fcomments&post=2689"}],"version-history":[{"count":2,"href":"https:\/\/gppg.prs.hr\/index.php?rest_route=\/wp\/v2\/posts\/2689\/revisions"}],"predecessor-version":[{"id":2809,"href":"https:\/\/gppg.prs.hr\/index.php?rest_route=\/wp\/v2\/posts\/2689\/revisions\/2809"}],"wp:featuredmedia":[{"embeddable":true,"href":"https:\/\/gppg.prs.hr\/index.php?rest_route=\/wp\/v2\/media\/2615"}],"wp:attachment":[{"href":"https:\/\/gppg.prs.hr\/index.php?rest_route=%2Fwp%2Fv2%2Fmedia&parent=2689"}],"wp:term":[{"taxonomy":"category","embeddable":true,"href":"https:\/\/gppg.prs.hr\/index.php?rest_route=%2Fwp%2Fv2%2Fcategories&post=2689"},{"taxonomy":"post_tag","embeddable":true,"href":"https:\/\/gppg.prs.hr\/index.php?rest_route=%2Fwp%2Fv2%2Ftags&post=2689"}],"curies":[{"name":"wp","href":"https:\/\/api.w.org\/{rel}","templated":true}]}}