{"id":2694,"date":"2019-12-09T14:09:29","date_gmt":"2019-12-09T14:09:29","guid":{"rendered":"https:\/\/gppg.prs.hr\/?p=2694"},"modified":"2019-12-30T13:13:59","modified_gmt":"2019-12-30T13:13:59","slug":"interjvui-s-pravobraniteljicom-o-eu-projektu-o-jazu-u-placama-i-mirovinama","status":"publish","type":"post","link":"https:\/\/gppg.prs.hr\/?p=2694","title":{"rendered":"Intervjui s pravobraniteljicom o EU projektu o jazu u pla\u0107ama i mirovinama"},"content":{"rendered":"\n<p>Pravobraniteljica za ravnopravnost spolova, Vi\u0161nja Ljubi\u010di\u0107, dala je  danas intervjue Slavonskom radiju i Novom radiju \u0110akovo vezano za  provedu EU projekta \u201eJednaka prava \u2013 jednake pla\u0107e \u2013 jednake mirovine\u201c.  Projekt se provodi od 1.10.2018. do 30.9.2020., a cilj mu je podi\u0107i  svijest o dru\u0161tvenom problemu jaza u pla\u0107ama i mirovinama izme\u0111u \u017eena i  mu\u0161karaca kako bi se sprije\u010dio rizik siroma\u0161tva za starije \u017eene i  podigla razina znanja o ovoj temi me\u0111u predstavnicima\/ama javnih vlasti,  javnih i privatnih kompanija, sindikata te u\u010denika\/ca srednjih \u0161kola na  nacionalnoj i lokalnoj razini. Dana 4.11.2019. odr\u017eana je  press-konferencija i odigrana predstava \u201eNovac je imenica mu\u0161kog roda\u201c  povodom Europskog dana jednakih pla\u0107a, datuma od koje simboli\u010dno, a  uzimaju\u0107i jaz u pla\u0107ama \u017eene rade besplatno do kraja godine u odnosu na  mu\u0161karce. <\/p>\n","protected":false},"excerpt":{"rendered":"<p>Pravobraniteljica za ravnopravnost spolova, Vi\u0161nja Ljubi\u010di\u0107, dala je danas intervjue Slavonskom radiju i Novom radiju \u0110akovo vezano za provedu EU projekta \u201eJednaka prava \u2013 jednake pla\u0107e \u2013 jednake mirovine\u201c. Projekt se provodi od 1.10.2018. do 30.9.2020., a cilj mu je podi\u0107i svijest o dru\u0161tvenom problemu jaza u pla\u0107ama i mirovinama izme\u0111u \u017eena i mu\u0161karaca kako &hellip; <a href=\"https:\/\/gppg.prs.hr\/?p=2694\" class=\"more-link\">Continue reading<span class=\"screen-reader-text\"> &#8220;Intervjui s pravobraniteljicom o EU projektu o jazu u pla\u0107ama i mirovinama&#8221;<\/span><\/a><\/p>\n","protected":false},"author":3,"featured_media":2695,"comment_status":"closed","ping_status":"closed","sticky":true,"template":"","format":"standard","meta":{"footnotes":""},"categories":[59,26],"tags":[],"class_list":["post-2694","post","type-post","status-publish","format-standard","has-post-thumbnail","hentry","category-iz_drugih_medija","category-vijesti"],"_links":{"self":[{"href":"https:\/\/gppg.prs.hr\/index.php?rest_route=\/wp\/v2\/posts\/2694","targetHints":{"allow":["GET"]}}],"collection":[{"href":"https:\/\/gppg.prs.hr\/index.php?rest_route=\/wp\/v2\/posts"}],"about":[{"href":"https:\/\/gppg.prs.hr\/index.php?rest_route=\/wp\/v2\/types\/post"}],"author":[{"embeddable":true,"href":"https:\/\/gppg.prs.hr\/index.php?rest_route=\/wp\/v2\/users\/3"}],"replies":[{"embeddable":true,"href":"https:\/\/gppg.prs.hr\/index.php?rest_route=%2Fwp%2Fv2%2Fcomments&post=2694"}],"version-history":[{"count":3,"href":"https:\/\/gppg.prs.hr\/index.php?rest_route=\/wp\/v2\/posts\/2694\/revisions"}],"predecessor-version":[{"id":2740,"href":"https:\/\/gppg.prs.hr\/index.php?rest_route=\/wp\/v2\/posts\/2694\/revisions\/2740"}],"wp:featuredmedia":[{"embeddable":true,"href":"https:\/\/gppg.prs.hr\/index.php?rest_route=\/wp\/v2\/media\/2695"}],"wp:attachment":[{"href":"https:\/\/gppg.prs.hr\/index.php?rest_route=%2Fwp%2Fv2%2Fmedia&parent=2694"}],"wp:term":[{"taxonomy":"category","embeddable":true,"href":"https:\/\/gppg.prs.hr\/index.php?rest_route=%2Fwp%2Fv2%2Fcategories&post=2694"},{"taxonomy":"post_tag","embeddable":true,"href":"https:\/\/gppg.prs.hr\/index.php?rest_route=%2Fwp%2Fv2%2Ftags&post=2694"}],"curies":[{"name":"wp","href":"https:\/\/api.w.org\/{rel}","templated":true}]}}