{"id":2698,"date":"2019-12-10T11:46:30","date_gmt":"2019-12-10T11:46:30","guid":{"rendered":"https:\/\/gppg.prs.hr\/?p=2698"},"modified":"2019-12-17T11:53:38","modified_gmt":"2019-12-17T11:53:38","slug":"pravobraniteljica-u-osijeku-izlagala-o-polozaju-zena-na-trzistu-rada","status":"publish","type":"post","link":"https:\/\/gppg.prs.hr\/?p=2698","title":{"rendered":"Pravobraniteljica u Osijeku izlagala o polo\u017eaju \u017eena na tr\u017ei\u0161tu rada"},"content":{"rendered":"\n<p>Pravobraniteljica za ravnopravnost spolova, Vi\u0161nja Ljubi\u010di\u0107, sudjelovala  je u Osijeku na javnoj raspravi \u201ePrepreke ostvarivanja prava na rad\u201c  koju je\u00a0u okviru projekta Pokreni organizirala \u017denska udruga \u201eIzvor\u201c iz  Tenje u partnerstvu s Udrugom gluhoslijepih osoba Grada Osijeka i  Osje\u010dko-baranjske \u017eupanije i Grada Osijeka. Pravobraniteljica je odr\u017eala  predavanje na temu \u201ePolo\u017eaj \u017eena na tr\u017ei\u0161tu rada\u201c u kojem se osvrnula  na jaz u pla\u0107ama i mirovinama izme\u0111u \u017eena i mu\u0161karaca, manju stopu  zaposlenosti \u017eena, ugovore na odre\u0111eno vrijeme, dob i maj\u010dinstvo kao  najve\u0107e prepreke za \u017eene na tr\u017ei\u0161tu rada, te predstavila ukratko EU  projekt kojeg je nositeljica \u201eJednaka prava \u2013 jednake pla\u0107e \u2013 jednake  mirovine\u201c. Ujedno je prisutne upoznala i sa preporukama za pobolj\u0161anje  polo\u017eaja \u017eena na tr\u017ei\u0161tu rada koje je u okviru Izvje\u0161\u0107a o radu za 2018.  predstavila i u Hrvatskom saboru. <\/p>\n\n\n\n<p><a href=\"https:\/\/radio.hrt.hr\/radio-osijek\/clanak\/prepreke-ostvarivanju-prava-na-rad\/215892\/\">HRT-Radio Osijek<\/a><\/p>\n","protected":false},"excerpt":{"rendered":"<p>Pravobraniteljica za ravnopravnost spolova, Vi\u0161nja Ljubi\u010di\u0107, sudjelovala je u Osijeku na javnoj raspravi \u201ePrepreke ostvarivanja prava na rad\u201c koju je\u00a0u okviru projekta Pokreni organizirala \u017denska udruga \u201eIzvor\u201c iz Tenje u partnerstvu s Udrugom gluhoslijepih osoba Grada Osijeka i Osje\u010dko-baranjske \u017eupanije i Grada Osijeka. Pravobraniteljica je odr\u017eala predavanje na temu \u201ePolo\u017eaj \u017eena na tr\u017ei\u0161tu rada\u201c u &hellip; <a href=\"https:\/\/gppg.prs.hr\/?p=2698\" class=\"more-link\">Continue reading<span class=\"screen-reader-text\"> &#8220;Pravobraniteljica u Osijeku izlagala o polo\u017eaju \u017eena na tr\u017ei\u0161tu rada&#8221;<\/span><\/a><\/p>\n","protected":false},"author":3,"featured_media":2699,"comment_status":"closed","ping_status":"closed","sticky":false,"template":"","format":"standard","meta":{"footnotes":""},"categories":[26],"tags":[],"class_list":["post-2698","post","type-post","status-publish","format-standard","has-post-thumbnail","hentry","category-vijesti"],"_links":{"self":[{"href":"https:\/\/gppg.prs.hr\/index.php?rest_route=\/wp\/v2\/posts\/2698","targetHints":{"allow":["GET"]}}],"collection":[{"href":"https:\/\/gppg.prs.hr\/index.php?rest_route=\/wp\/v2\/posts"}],"about":[{"href":"https:\/\/gppg.prs.hr\/index.php?rest_route=\/wp\/v2\/types\/post"}],"author":[{"embeddable":true,"href":"https:\/\/gppg.prs.hr\/index.php?rest_route=\/wp\/v2\/users\/3"}],"replies":[{"embeddable":true,"href":"https:\/\/gppg.prs.hr\/index.php?rest_route=%2Fwp%2Fv2%2Fcomments&post=2698"}],"version-history":[{"count":1,"href":"https:\/\/gppg.prs.hr\/index.php?rest_route=\/wp\/v2\/posts\/2698\/revisions"}],"predecessor-version":[{"id":2700,"href":"https:\/\/gppg.prs.hr\/index.php?rest_route=\/wp\/v2\/posts\/2698\/revisions\/2700"}],"wp:featuredmedia":[{"embeddable":true,"href":"https:\/\/gppg.prs.hr\/index.php?rest_route=\/wp\/v2\/media\/2699"}],"wp:attachment":[{"href":"https:\/\/gppg.prs.hr\/index.php?rest_route=%2Fwp%2Fv2%2Fmedia&parent=2698"}],"wp:term":[{"taxonomy":"category","embeddable":true,"href":"https:\/\/gppg.prs.hr\/index.php?rest_route=%2Fwp%2Fv2%2Fcategories&post=2698"},{"taxonomy":"post_tag","embeddable":true,"href":"https:\/\/gppg.prs.hr\/index.php?rest_route=%2Fwp%2Fv2%2Ftags&post=2698"}],"curies":[{"name":"wp","href":"https:\/\/api.w.org\/{rel}","templated":true}]}}