{"id":2701,"date":"2019-12-13T11:54:36","date_gmt":"2019-12-13T11:54:36","guid":{"rendered":"https:\/\/gppg.prs.hr\/?p=2701"},"modified":"2020-09-14T11:42:45","modified_gmt":"2020-09-14T11:42:45","slug":"odrzana-radionica-u-rijeci","status":"publish","type":"post","link":"https:\/\/gppg.prs.hr\/?p=2701","title":{"rendered":"U Rijeci odr\u017eana radionica \u201eRavnopravnost za sve\u201c u ostvarivanju pla\u0107a i mirovina"},"content":{"rendered":"\n<p>Pravobraniteljica za ravnopravnost spolova u suradnji sa CESI \u2013\nCentrom za edukaciju, savjetovanje i istra\u017eivanje odr\u017eala je od 12.-13.\nprosinca u Rijeci u hotelu Bonavia tre\u0107u u nizu radionica RAVNOPRAVNOST ZA SVE!\nkoje se provode u sklopu EU projekta \u201cJednaka prava \u2013 jednake pla\u0107e \u2013 jednake\nmirovine\u201d. Cilj edukacija je podizanje svijesti o dru\u0161tvenom problemu jaza u\npla\u0107ama i mirovinama izme\u0111u mu\u0161karaca i \u017eena, odnosno sprje\u010davanje rizika\nsiroma\u0161tva za \u017eene u Hrvatskoj.<\/p>\n\n\n\n<p>Sudionicama\/ima je predstavljen projekt te provedene aktivnosti\na teme o kojima se raspravljalo bile su problem jednakih pla\u0107a i mirovina,\npitanja roda i spola, utjecaj obrazovanja na problem nejednakih pla\u0107a te\nva\u017enost uskla\u0111ivanja obiteljskog i profesionalnog \u017eivota u svrhu postizanja\nravnopravnosti u svijetu rada i mirovinskog sustava. Partnerska organizacija iz\nBelgije predstavila je situaciju u Belgiji kao primjer dobre prakse u\npostizanju jednakosti u pla\u0107ama i mirovinama.<\/p>\n\n\n\n<p>Radionicu su odr\u017eale Anamarija Tkal\u010dec ispred CESI \u2013 Centra za\nedukaciju, savjetovanje i istra\u017eivanje, Jasna A. Petrovi\u0107 iz Sindikata\numirovljenika Hrvatske, Hildegard van Hove iz Instituta za ravnopravnost \u017eena i\nmu\u0161karaca (Belgija) te Sanda Brumen ispred Pravobraniteljice za ravnopravnost\nspolova. Na radionici je sudjelovalo 46 predstavnika\/ca iz sljede\u0107ih\ntvrtki\/institucija\/\u0161kola\/udruga: Grada Rijeke, Odbora za ravnopravnost spolova\ngrada Rijeke, Grada Kastva, Grada Labina, Grada Novog Vinodolskog, Op\u0107ine\nVrbnik, Centra za socijalnu skrb Rijeka, Zavoda za hitnu medicinu\nPrimorsko-goranske \u017eupanije, Pravnog fakulteta u Rijeci, Sveu\u010dili\u0161ta u Rijeci,\nVeleu\u010dili\u0161ta u Rijeci, Medicinske \u0161kole u Rijeci, Ekonomske \u0161kole Mijo\nMirkovi\u0107, Tehni\u010dke \u0161kole, Prirodoslovne i grafi\u010dke \u0161kole u Rijeci, Sindikata\numirovljenika Hrvatske (Rijeka), Centra za participaciju \u017eena u dru\u0161tvenom\n\u017eivotu, Kanala Ri, Instituta za dru\u0161tvena istra\u017eivanja i CESI \u2013 Centra za\nedukaciju, savjetovanje i istra\u017eivanje.<\/p>\n\n\n\n<p>Sljede\u0107a radionica \u0107e se odr\u017eati u Osijeku (23.-24. sije\u010dnja 2020.).<\/p>\n\n\n\n<p><a rel=\"noreferrer noopener\" href=\"https:\/\/gppg.prs.hr\/?p=3040\" target=\"_blank\"><strong>FOTO GALERIJA<\/strong><\/a><\/p>\n\n\n\n<p><a href=\"https:\/\/uniri.hr\/vijesti\/obzor-2020-projekt-podrska-i-provedba-planova-za-rodnu-ravnopravnost-u-akademskoj-zajednici-i-istrazivanjima-spear\/?fbclid=IwAR2MKTuRvDGD7VHxjFLHLvhRjf02V-GP2usicFZqzdzt5ILiij5N9y-Cpko\" target=\"_blank\" rel=\"noreferrer noopener\"><strong>Sveu\u010dili\u0161te u Rijeci<\/strong><\/a><\/p>\n\n\n\n<p><a rel=\"noreferrer noopener\" href=\"https:\/\/gppg.prs.hr\/?p=3040\" target=\"_blank\"><\/a><\/p>\n\n\n\n<p><a rel=\"noreferrer noopener\" href=\"https:\/\/gppg.prs.hr\/?p=3040\" target=\"_blank\"><\/a><\/p>\n","protected":false},"excerpt":{"rendered":"<p>Pravobraniteljica za ravnopravnost spolova u suradnji sa CESI \u2013 Centrom za edukaciju, savjetovanje i istra\u017eivanje odr\u017eala je od 12.-13. prosinca u Rijeci u hotelu Bonavia tre\u0107u u nizu radionica RAVNOPRAVNOST ZA SVE! koje se provode u sklopu EU projekta \u201cJednaka prava \u2013 jednake pla\u0107e \u2013 jednake mirovine\u201d. Cilj edukacija je podizanje svijesti o dru\u0161tvenom problemu &hellip; <a href=\"https:\/\/gppg.prs.hr\/?p=2701\" class=\"more-link\">Continue reading<span class=\"screen-reader-text\"> &#8220;U Rijeci odr\u017eana radionica \u201eRavnopravnost za sve\u201c u ostvarivanju pla\u0107a i mirovina&#8221;<\/span><\/a><\/p>\n","protected":false},"author":3,"featured_media":2702,"comment_status":"closed","ping_status":"closed","sticky":true,"template":"","format":"standard","meta":{"footnotes":""},"categories":[26],"tags":[],"class_list":["post-2701","post","type-post","status-publish","format-standard","has-post-thumbnail","hentry","category-vijesti"],"_links":{"self":[{"href":"https:\/\/gppg.prs.hr\/index.php?rest_route=\/wp\/v2\/posts\/2701","targetHints":{"allow":["GET"]}}],"collection":[{"href":"https:\/\/gppg.prs.hr\/index.php?rest_route=\/wp\/v2\/posts"}],"about":[{"href":"https:\/\/gppg.prs.hr\/index.php?rest_route=\/wp\/v2\/types\/post"}],"author":[{"embeddable":true,"href":"https:\/\/gppg.prs.hr\/index.php?rest_route=\/wp\/v2\/users\/3"}],"replies":[{"embeddable":true,"href":"https:\/\/gppg.prs.hr\/index.php?rest_route=%2Fwp%2Fv2%2Fcomments&post=2701"}],"version-history":[{"count":7,"href":"https:\/\/gppg.prs.hr\/index.php?rest_route=\/wp\/v2\/posts\/2701\/revisions"}],"predecessor-version":[{"id":3195,"href":"https:\/\/gppg.prs.hr\/index.php?rest_route=\/wp\/v2\/posts\/2701\/revisions\/3195"}],"wp:featuredmedia":[{"embeddable":true,"href":"https:\/\/gppg.prs.hr\/index.php?rest_route=\/wp\/v2\/media\/2702"}],"wp:attachment":[{"href":"https:\/\/gppg.prs.hr\/index.php?rest_route=%2Fwp%2Fv2%2Fmedia&parent=2701"}],"wp:term":[{"taxonomy":"category","embeddable":true,"href":"https:\/\/gppg.prs.hr\/index.php?rest_route=%2Fwp%2Fv2%2Fcategories&post=2701"},{"taxonomy":"post_tag","embeddable":true,"href":"https:\/\/gppg.prs.hr\/index.php?rest_route=%2Fwp%2Fv2%2Ftags&post=2701"}],"curies":[{"name":"wp","href":"https:\/\/api.w.org\/{rel}","templated":true}]}}