{"id":2756,"date":"2020-01-14T15:10:11","date_gmt":"2020-01-14T15:10:11","guid":{"rendered":"https:\/\/gppg.prs.hr\/?p=2756"},"modified":"2020-02-17T09:07:28","modified_gmt":"2020-02-17T09:07:28","slug":"poziv-na-radionicu-u-osijeku-23-24-1-2020","status":"publish","type":"post","link":"https:\/\/gppg.prs.hr\/?p=2756","title":{"rendered":"Poziv na radionicu u Osijeku, 23.-24.1.2020."},"content":{"rendered":"\n<p>Pravobraniteljica za ravnopravnost spolova u suradnji sa\nCESI \u2013 Centrom za edukaciju, savjetovanje i istra\u017eivanje organizira radionice\nRAVNOPRAVNOST ZA SVE! koje se provode u sklopu projekta \u2013 \u201cJednaka prava \u2013 jednake\npla\u0107e \u2013 jednake mirovine\u201d, a cilj je podizanje svijesti o dru\u0161tvenom problemu\njaza u pla\u0107ama i mirovinama izme\u0111u mu\u0161karaca i \u017eena, odnosno sprje\u010davanje\nrizika siroma\u0161tva za \u017eene u Hrvatskoj. Posljednja u nizu radionica \u0107e se\nodr\u017eati u Osijeku 23.-24. sije\u010dnja 2020. u hotelu Osijek (\u0160ama\u010dka 4) a namijenjena\nje predstavnicima\/ama: privatnih i javnih tvrtki, ustanova u sustavu zdravstva\ni socijalne skrbi, sindikata, organizacija civilnog dru\u0161tva, vlasti na lokalnoj\ni nacionalnoj razini te u\u010denicima\/ama srednjih \u0161kola. Teme radionica su: rod i\nspol, rodni stereotipi, utjecaj obrazovanja na nejednakost u pla\u0107ama,\nuskla\u0111ivanje obiteljskog i privatnog \u017eivota, rodni jaz u pla\u0107ama i mirovinama u\nBelgiji te mirovinski sustav i siroma\u0161tvo starijih osoba.<\/p>\n\n\n\n<p>Molimo da se za radionicu u Osijeku prijavite na:\nanamarija.tkalcec@cesi.hr najkasnije do ponedjeljka 20. sije\u010dnja 2020. <\/p>\n\n\n\n<p>Vi\u0161e informacija mo\u017eete dobiti na equal-rpp@prs.hr i 01\/4848100.<\/p>\n\n\n\n<p><strong>Program<\/strong>:<\/p>\n\n\n\n<p><strong>23.1.2020.<\/strong><\/p>\n\n\n\n<p><strong>9\u201930 \u2013 10\u201900<\/strong> Dolazak sudionika i sudionica uz\nosvje\u017eenje dobrodo\u0161lice&nbsp; <\/p>\n\n\n\n<p><strong>10\u201900 \u2013&nbsp;\n10\u201915<\/strong> Pozdrav i uvodni govor ureda Pravobraniteljice za\nravnopravnost spolova RH&nbsp; <\/p>\n\n\n\n<p><strong>10\u201915 \u2013 10\u2032 45<\/strong> Uvod u radionice i informacije o radu <\/p>\n\n\n\n<p><strong>10\u201945 \u2013 11\u201920<\/strong> Uvod u problem jednakopravnih pla\u0107a i\nmirovina <\/p>\n\n\n\n<p><strong>11\u201920 \u2013 12\u201900<\/strong> Uvod u pitanja roda i spola&nbsp; <\/p>\n\n\n\n<p><strong>12\u201900 \u2013 12\u201945<\/strong> Pauza za osvje\u017eenje i lagani ru\u010dak&nbsp; <\/p>\n\n\n\n<p><strong>12 \u201945 \u2013 13\u201930<\/strong> Belgija kao primjer dobre prakse u\npostizanju jednakosti u pla\u0107ama i mirovinama <\/p>\n\n\n\n<p><strong>13\u201930 \u2013 14\u201930<\/strong> Kako obrazovanje utje\u010de na problem\nnejednakih pla\u0107a <\/p>\n\n\n\n<p><strong>14\u201915 \u2013 15\u201900<\/strong> Va\u017enost pitanja uskla\u0111ivanja obiteljskog i\nprofesionalnog \u017eivota u svrhu postizanja ravnopravnosti u svijetu rada i\nmirovinskog sustava <\/p>\n\n\n\n<p><strong>24.1.2020.<\/strong><\/p>\n\n\n\n<p><strong>9\u201930 \u2013 10\u201900<\/strong> Dolazak sudionika i sudionica uz\nosvje\u017eenje dobrodo\u0161lice&nbsp; <\/p>\n\n\n\n<p><strong>10 \u201900\u2013 10\u201920<\/strong> Predstavljanje World cafe metode rada i\npodjela po temama:<\/p>\n\n\n\n<ul class=\"wp-block-list\"><li><em>Obrazovanje<\/em><\/li><li><em>Rodni stereotipi u dru\u0161tvu<\/em><\/li><li><em>Svijet rada<\/em><\/li><li><em>Mirovinski sustav i siroma\u0161tvo starijih osoba<\/em><\/li><li><em>Uskla\u0111ivanje privatnog i profesionalnog \u017eivota<\/em><\/li><\/ul>\n\n\n\n<p><strong>10\u201920 \u2013 11\u201920<\/strong> Rad u grupama <\/p>\n\n\n\n<p><strong>11\u201920 \u2013 12\u201920<\/strong> Rasprava i zaklju\u010dci s grupa te izrada\npreporuka za postizanje jednakih pla\u0107a i &nbsp;&nbsp;mirovina za \u017eene i mu\u0161karce <\/p>\n\n\n\n<p>Zavr\u0161na evaluacija\nrada <\/p>\n\n\n\n<p><strong>12\u201920 \u2013 13\u201920<\/strong> Lagani ru\u010dak uz osvje\u017eenje <\/p>\n\n\n\n<p><a href=\"https:\/\/osijeknews.hr\/radionica-ravnopravnost-za-sve\/?fbclid=IwAR3_DSSTeOVQezyvECGmtFf34OjzgfKOTI1URd4BZHfosbWhSmz5347DdrU\">Osijeknews.hr<\/a><\/p>\n\n\n\n<p><a href=\"https:\/\/sib.net.hr\/dogadjanja\/3630683\/hotel-osijek-radionica-ravnopravnost-za-sve\/?fbclid=IwAR0APmn4roCPhVDh-0JTK8MmphGK2PQrMZrHdfYoCVqq6vK9-mcsLAt-Ln0\">SiB.hr<\/a><\/p>\n\n\n\n<p><\/p>\n","protected":false},"excerpt":{"rendered":"<p>Pravobraniteljica za ravnopravnost spolova u suradnji sa CESI \u2013 Centrom za edukaciju, savjetovanje i istra\u017eivanje organizira radionice RAVNOPRAVNOST ZA SVE! koje se provode u sklopu projekta \u2013 \u201cJednaka prava \u2013 jednake pla\u0107e \u2013 jednake mirovine\u201d, a cilj je podizanje svijesti o dru\u0161tvenom problemu jaza u pla\u0107ama i mirovinama izme\u0111u mu\u0161karaca i \u017eena, odnosno sprje\u010davanje rizika &hellip; <a href=\"https:\/\/gppg.prs.hr\/?p=2756\" class=\"more-link\">Continue reading<span class=\"screen-reader-text\"> &#8220;Poziv na radionicu u Osijeku, 23.-24.1.2020.&#8221;<\/span><\/a><\/p>\n","protected":false},"author":3,"featured_media":2615,"comment_status":"closed","ping_status":"closed","sticky":true,"template":"","format":"standard","meta":{"footnotes":""},"categories":[26],"tags":[],"class_list":["post-2756","post","type-post","status-publish","format-standard","has-post-thumbnail","hentry","category-vijesti"],"_links":{"self":[{"href":"https:\/\/gppg.prs.hr\/index.php?rest_route=\/wp\/v2\/posts\/2756","targetHints":{"allow":["GET"]}}],"collection":[{"href":"https:\/\/gppg.prs.hr\/index.php?rest_route=\/wp\/v2\/posts"}],"about":[{"href":"https:\/\/gppg.prs.hr\/index.php?rest_route=\/wp\/v2\/types\/post"}],"author":[{"embeddable":true,"href":"https:\/\/gppg.prs.hr\/index.php?rest_route=\/wp\/v2\/users\/3"}],"replies":[{"embeddable":true,"href":"https:\/\/gppg.prs.hr\/index.php?rest_route=%2Fwp%2Fv2%2Fcomments&post=2756"}],"version-history":[{"count":2,"href":"https:\/\/gppg.prs.hr\/index.php?rest_route=\/wp\/v2\/posts\/2756\/revisions"}],"predecessor-version":[{"id":2811,"href":"https:\/\/gppg.prs.hr\/index.php?rest_route=\/wp\/v2\/posts\/2756\/revisions\/2811"}],"wp:featuredmedia":[{"embeddable":true,"href":"https:\/\/gppg.prs.hr\/index.php?rest_route=\/wp\/v2\/media\/2615"}],"wp:attachment":[{"href":"https:\/\/gppg.prs.hr\/index.php?rest_route=%2Fwp%2Fv2%2Fmedia&parent=2756"}],"wp:term":[{"taxonomy":"category","embeddable":true,"href":"https:\/\/gppg.prs.hr\/index.php?rest_route=%2Fwp%2Fv2%2Fcategories&post=2756"},{"taxonomy":"post_tag","embeddable":true,"href":"https:\/\/gppg.prs.hr\/index.php?rest_route=%2Fwp%2Fv2%2Ftags&post=2756"}],"curies":[{"name":"wp","href":"https:\/\/api.w.org\/{rel}","templated":true}]}}