{"id":2759,"date":"2020-01-20T15:11:50","date_gmt":"2020-01-20T15:11:50","guid":{"rendered":"https:\/\/gppg.prs.hr\/?p=2759"},"modified":"2020-09-14T09:58:13","modified_gmt":"2020-09-14T09:58:13","slug":"rasprava-o-jazu-u-placama-na-plenarnoj-sjednici-u-europskom-parlamentu","status":"publish","type":"post","link":"https:\/\/gppg.prs.hr\/?p=2759","title":{"rendered":"Rasprava o jazu u pla\u0107ama na plenarnoj sjednici u Europskom parlamentu"},"content":{"rendered":"\n<p>Na plenarnoj sjednici u Europskom parlamentu odr\u017eana je rasprava o rodnom jazu u pla\u0107ama. Linkovi:<\/p>\n\n\n\n<p><a href=\"https:\/\/www.europarl.europa.eu\/ep-live\/en\/plenary\/video?debate=1578943569799\" target=\"_blank\" rel=\"noreferrer noopener\">Plenary session: Gender pay gap (debate)<\/a><\/p>\n\n\n\n<p><a rel=\"noreferrer noopener\" href=\"https:\/\/multimedia.europarl.europa.eu\/en\/gender-pay-gap-debate_I182636-V_v\" target=\"_blank\">Gender pay gap: extracts from the debate<\/a><\/p>\n\n\n\n<p><a href=\"https:\/\/www.radiodalmacija.hr\/zbog-neravnopravnosti-u-placama-zene-godisnje-rade-dva-mjeseca-besplatno\/\" target=\"_blank\" rel=\"noreferrer noopener\">Radio Dalmacija <\/a><\/p>\n\n\n\n<p><a href=\"https:\/\/www.nacional.hr\/glavak-zbog-neravnopravnosti-u-placama-zene-godisnje-rade-dva-mjeseca-besplatno\/\" target=\"_blank\" rel=\"noreferrer noopener\">Nacional <\/a><\/p>\n\n\n\n<p><a href=\"http:\/\/novilist.hr\/Vijesti\/Hrvatska\/Suncana-Glavak-Zbog-neravnopravnosti-u-placama-zene-godisnje-rade-dva-mjeseca-besplatno\" target=\"_blank\" rel=\"noreferrer noopener\">Novi list<\/a><\/p>\n\n\n\n<p><a href=\"https:\/\/prigorski.hr\/suncana-glavak-hrvatska-je-kroz-povijest-pokazala-da-se-ne-boji-izazova-predsjedanje-je-prilika-da-se-pokaze-odgovornost\/\" target=\"_blank\" rel=\"noreferrer noopener\">Prigorski.hr<\/a><\/p>\n\n\n\n<p><a href=\"https:\/\/www.hia.com.hr\/eu-i-svijet\/eu-parlament\/item\/12248-zbog-neravnopravnosti-u-placama-zene-godisnje-rade-dva-mjeseca-besplatno\" target=\"_blank\" rel=\"noreferrer noopener\">Hrvatsko iseljeni\u0161tvo<\/a><\/p>\n\n\n\n<p><a href=\"https:\/\/grabancijas.com\/glavak-znate-li-da-su-zene-od-4-studenog-2019-do-kraja-godine-radile-besplatno\/\" target=\"_blank\" rel=\"noreferrer noopener\">Grabancija\u0161<\/a><\/p>\n\n\n\n<p><a href=\"https:\/\/www.varazdinske-vijesti.hr\/aktualno\/zbog-neravnopravnosti-u-placama-zene-godisnje-rade-dva-mjeseca-besplatno-37280\/\" target=\"_blank\" rel=\"noreferrer noopener\">Vara\u017edinske vijesti<\/a><\/p>\n\n\n\n<p><\/p>\n","protected":false},"excerpt":{"rendered":"<p>Na plenarnoj sjednici u Europskom parlamentu odr\u017eana je rasprava o rodnom jazu u pla\u0107ama. Linkovi: Plenary session: Gender pay gap (debate) Gender pay gap: extracts from the debate Radio Dalmacija Nacional Novi list Prigorski.hr Hrvatsko iseljeni\u0161tvo Grabancija\u0161 Vara\u017edinske vijesti<\/p>\n","protected":false},"author":3,"featured_media":2760,"comment_status":"closed","ping_status":"closed","sticky":true,"template":"","format":"standard","meta":{"footnotes":""},"categories":[26],"tags":[],"class_list":["post-2759","post","type-post","status-publish","format-standard","has-post-thumbnail","hentry","category-vijesti"],"_links":{"self":[{"href":"https:\/\/gppg.prs.hr\/index.php?rest_route=\/wp\/v2\/posts\/2759","targetHints":{"allow":["GET"]}}],"collection":[{"href":"https:\/\/gppg.prs.hr\/index.php?rest_route=\/wp\/v2\/posts"}],"about":[{"href":"https:\/\/gppg.prs.hr\/index.php?rest_route=\/wp\/v2\/types\/post"}],"author":[{"embeddable":true,"href":"https:\/\/gppg.prs.hr\/index.php?rest_route=\/wp\/v2\/users\/3"}],"replies":[{"embeddable":true,"href":"https:\/\/gppg.prs.hr\/index.php?rest_route=%2Fwp%2Fv2%2Fcomments&post=2759"}],"version-history":[{"count":10,"href":"https:\/\/gppg.prs.hr\/index.php?rest_route=\/wp\/v2\/posts\/2759\/revisions"}],"predecessor-version":[{"id":3188,"href":"https:\/\/gppg.prs.hr\/index.php?rest_route=\/wp\/v2\/posts\/2759\/revisions\/3188"}],"wp:featuredmedia":[{"embeddable":true,"href":"https:\/\/gppg.prs.hr\/index.php?rest_route=\/wp\/v2\/media\/2760"}],"wp:attachment":[{"href":"https:\/\/gppg.prs.hr\/index.php?rest_route=%2Fwp%2Fv2%2Fmedia&parent=2759"}],"wp:term":[{"taxonomy":"category","embeddable":true,"href":"https:\/\/gppg.prs.hr\/index.php?rest_route=%2Fwp%2Fv2%2Fcategories&post=2759"},{"taxonomy":"post_tag","embeddable":true,"href":"https:\/\/gppg.prs.hr\/index.php?rest_route=%2Fwp%2Fv2%2Ftags&post=2759"}],"curies":[{"name":"wp","href":"https:\/\/api.w.org\/{rel}","templated":true}]}}