{"id":2770,"date":"2020-01-27T12:25:05","date_gmt":"2020-01-27T12:25:05","guid":{"rendered":"https:\/\/gppg.prs.hr\/?p=2770"},"modified":"2020-01-27T12:25:08","modified_gmt":"2020-01-27T12:25:08","slug":"partnerski-sastanak-2","status":"publish","type":"post","link":"https:\/\/gppg.prs.hr\/?p=2770","title":{"rendered":"Partnerski sastanak"},"content":{"rendered":"\n<p>U uredu Pravobraniteljice za\nravnopravnost spolova odr\u017ean je partnerski sastanak u vezi planiranja budu\u0107ih\naktivnosti i sudjelovanju partnerskih organizacija u pojedinim fazama projekta.\nRazgovaralo se o provedenim aktivnostima kao \u0161to su radionice Ravnopravnost za\nsve! u Splitu, Osijeku i Rijeci te o trenutnim aktivnostima izrade priru\u010dnika\nza edukaciju o pitanjima neravnopravnosti na tr\u017ei\u0161tu rada te izrade modela\nkolektivnog ugovora s naglaskom na rodnu perspektivu. Predstavljene su i\naktivnosti koje slijede: izrada strate\u0161kog dokumenta i smjernica za smanjivanje\njaza u pla\u0107ama i mirovinama te sastanci s Ministarstvom rada i mirovinskoga\nsustava i Ministarstvom za demografiju, obitelj, mlade i socijalnu politiku te\nsaborskim odborima na kojima \u0107e biti predstavljeni strate\u0161ki dokument i model\nkolektivnog ugovora.&nbsp; <\/p>\n\n\n\n<p>Na sastanku su sudjelovale\/i\npredstavnice Pravobraniteljice za ravnopravnost spolova: Mladenka Morovi\u0107,\n\u010dlanica projekta; Sanda Brumen, koordinatorica projekta, Anamarija Tkal\u010dec\nispred Centra za edukaciju, savjetovanje i istra\u017eivanje (CESI), Josip \u0160ipi\u0107\nispred Instituta za dru\u0161tvena istra\u017eivanja u Zagrebu (IDIZ) te Igor Kne\u017eevi\u0107 iz\nSindikata umirovljenika Hrvatske.<\/p>\n","protected":false},"excerpt":{"rendered":"<p>U uredu Pravobraniteljice za ravnopravnost spolova odr\u017ean je partnerski sastanak u vezi planiranja budu\u0107ih aktivnosti i sudjelovanju partnerskih organizacija u pojedinim fazama projekta. Razgovaralo se o provedenim aktivnostima kao \u0161to su radionice Ravnopravnost za sve! u Splitu, Osijeku i Rijeci te o trenutnim aktivnostima izrade priru\u010dnika za edukaciju o pitanjima neravnopravnosti na tr\u017ei\u0161tu rada te &hellip; <a href=\"https:\/\/gppg.prs.hr\/?p=2770\" class=\"more-link\">Continue reading<span class=\"screen-reader-text\"> &#8220;Partnerski sastanak&#8221;<\/span><\/a><\/p>\n","protected":false},"author":3,"featured_media":2772,"comment_status":"closed","ping_status":"closed","sticky":true,"template":"","format":"standard","meta":{"footnotes":""},"categories":[26],"tags":[],"class_list":["post-2770","post","type-post","status-publish","format-standard","has-post-thumbnail","hentry","category-vijesti"],"_links":{"self":[{"href":"https:\/\/gppg.prs.hr\/index.php?rest_route=\/wp\/v2\/posts\/2770","targetHints":{"allow":["GET"]}}],"collection":[{"href":"https:\/\/gppg.prs.hr\/index.php?rest_route=\/wp\/v2\/posts"}],"about":[{"href":"https:\/\/gppg.prs.hr\/index.php?rest_route=\/wp\/v2\/types\/post"}],"author":[{"embeddable":true,"href":"https:\/\/gppg.prs.hr\/index.php?rest_route=\/wp\/v2\/users\/3"}],"replies":[{"embeddable":true,"href":"https:\/\/gppg.prs.hr\/index.php?rest_route=%2Fwp%2Fv2%2Fcomments&post=2770"}],"version-history":[{"count":1,"href":"https:\/\/gppg.prs.hr\/index.php?rest_route=\/wp\/v2\/posts\/2770\/revisions"}],"predecessor-version":[{"id":2773,"href":"https:\/\/gppg.prs.hr\/index.php?rest_route=\/wp\/v2\/posts\/2770\/revisions\/2773"}],"wp:featuredmedia":[{"embeddable":true,"href":"https:\/\/gppg.prs.hr\/index.php?rest_route=\/wp\/v2\/media\/2772"}],"wp:attachment":[{"href":"https:\/\/gppg.prs.hr\/index.php?rest_route=%2Fwp%2Fv2%2Fmedia&parent=2770"}],"wp:term":[{"taxonomy":"category","embeddable":true,"href":"https:\/\/gppg.prs.hr\/index.php?rest_route=%2Fwp%2Fv2%2Fcategories&post=2770"},{"taxonomy":"post_tag","embeddable":true,"href":"https:\/\/gppg.prs.hr\/index.php?rest_route=%2Fwp%2Fv2%2Ftags&post=2770"}],"curies":[{"name":"wp","href":"https:\/\/api.w.org\/{rel}","templated":true}]}}