{"id":2777,"date":"2020-01-24T12:29:00","date_gmt":"2020-01-24T12:29:00","guid":{"rendered":"https:\/\/gppg.prs.hr\/?p=2777"},"modified":"2020-09-14T11:30:34","modified_gmt":"2020-09-14T11:30:34","slug":"odrzana-radionica-u-osijeku","status":"publish","type":"post","link":"https:\/\/gppg.prs.hr\/?p=2777","title":{"rendered":"U Osijeku odr\u017eana radionica \u201eRavnopravnost za sve\u201c u ostvarivanju pla\u0107a i mirovina"},"content":{"rendered":"\n<p>Pravobraniteljica za ravnopravnost spolova u suradnji sa CESI \u2013 Centrom za edukaciju, savjetovanje i istra\u017eivanje odr\u017eala je od 23.-24. sije\u010dnja 2020. u Osijeku u hotelu Osijek posljednju u nizu radionica RAVNOPRAVNOST ZA SVE! koje se provode u sklopu EU projekta \u201cJednaka prava \u2013 jednake pla\u0107e \u2013 jednake mirovine\u201d. Cilj edukacija je podizanje svijesti o dru\u0161tvenom problemu jaza u pla\u0107ama i mirovinama izme\u0111u mu\u0161karaca i \u017eena, odnosno sprje\u010davanje rizika siroma\u0161tva za \u017eene u Hrvatskoj.<\/p>\n\n\n\n<p>Sudionicama\/ima je predstavljen\nprojekt te provedene aktivnosti a teme o kojima se raspravljalo bile su problem\njednakih pla\u0107a i mirovina, pitanja roda i spola, utjecaj obrazovanja na problem\nnejednakih pla\u0107a te va\u017enost uskla\u0111ivanja obiteljskog i profesionalnog \u017eivota u\nsvrhu postizanja ravnopravnosti u svijetu rada i mirovinskog sustava.\nPartnerska organizacija iz Belgije predstavila je situaciju u Belgiji kao\nprimjer dobre prakse u postizanju jednakosti u pla\u0107ama i mirovinama.<\/p>\n\n\n\n<p>Radionicu su odr\u017eale Anamarija Tkal\u010dec ispred CESI \u2013 Centra za edukaciju, savjetovanje i istra\u017eivanje, Jasna A. Petrovi\u0107 i Igor Kne\u017eevi\u0107 iz Sindikata umirovljenika Hrvatske, Hildegard van Hove iz Instituta za ravnopravnost \u017eena i mu\u0161karaca (Belgija) te Sanda Brumen ispred Pravobraniteljice za ravnopravnost spolova. Na radionici je sudjelovalo oko 70 predstavnika\/ca iz sljede\u0107ih tvrtki\/institucija\/\u0161kola\/udruga: Grada Osijeka, Grada Vinkovaca, Grada \u0110akova, Grada Valpova, Osje\u010dko-baranjske \u017eupanije, Vukovarsko-srijemske \u017eupanije, Povjerenstva za ravnopravnost spolova Osje\u010dko baranjske \u017eupanije, Povjerenstva za ravnopravnost spolova Beli Manastir, Centara za socijalnu skrb (Osijek, Donji Miholjac, Vukovar), Doma zdravlja \u0110akovo, Sredi\u0161njeg dr\u017eavnog ured za sport, \u017denske udruge Izvor, Udruge \u017eena Vukovar, Centra za mir, nenasilje i ljudska prava Osijek, Sindikata umirovljenika Hrvatske, Sindikata trgovine Hrvatske, Republi\u010dkog sindikata radnika Hrvatske, Matice umirovljenika Hrvatske-udruga Osijek, Hrvatske udruge poslodavaca, Medicinske \u0161kole Osijek, Ekonomske i upravne \u0161kole, Elektrotehni\u010dke i prometne \u0161kole Osijek, Filozofskog fakulteta u Osijeku, Pravnog fakultet u Osijeku, Belje plus d.o.o., Meggle Hrvatska, Osje\u010dke televizije, Instituta za dru\u0161tvena istra\u017eivanja i CESI \u2013 Centra za edukaciju, savjetovanje i istra\u017eivanje.<\/p>\n\n\n\n<p><a rel=\"noreferrer noopener\" href=\"https:\/\/gppg.prs.hr\/?p=3036\" target=\"_blank\"><strong>FOTO GALERIJA<\/strong><\/a><\/p>\n\n\n\n<p><\/p>\n","protected":false},"excerpt":{"rendered":"<p>Pravobraniteljica za ravnopravnost spolova u suradnji sa CESI \u2013 Centrom za edukaciju, savjetovanje i istra\u017eivanje odr\u017eala je od 23.-24. sije\u010dnja 2020. u Osijeku u hotelu Osijek posljednju u nizu radionica RAVNOPRAVNOST ZA SVE! koje se provode u sklopu EU projekta \u201cJednaka prava \u2013 jednake pla\u0107e \u2013 jednake mirovine\u201d. Cilj edukacija je podizanje svijesti o dru\u0161tvenom &hellip; <a href=\"https:\/\/gppg.prs.hr\/?p=2777\" class=\"more-link\">Continue reading<span class=\"screen-reader-text\"> &#8220;U Osijeku odr\u017eana radionica \u201eRavnopravnost za sve\u201c u ostvarivanju pla\u0107a i mirovina&#8221;<\/span><\/a><\/p>\n","protected":false},"author":3,"featured_media":2771,"comment_status":"closed","ping_status":"closed","sticky":false,"template":"","format":"standard","meta":{"footnotes":""},"categories":[26],"tags":[],"class_list":["post-2777","post","type-post","status-publish","format-standard","has-post-thumbnail","hentry","category-vijesti"],"_links":{"self":[{"href":"https:\/\/gppg.prs.hr\/index.php?rest_route=\/wp\/v2\/posts\/2777","targetHints":{"allow":["GET"]}}],"collection":[{"href":"https:\/\/gppg.prs.hr\/index.php?rest_route=\/wp\/v2\/posts"}],"about":[{"href":"https:\/\/gppg.prs.hr\/index.php?rest_route=\/wp\/v2\/types\/post"}],"author":[{"embeddable":true,"href":"https:\/\/gppg.prs.hr\/index.php?rest_route=\/wp\/v2\/users\/3"}],"replies":[{"embeddable":true,"href":"https:\/\/gppg.prs.hr\/index.php?rest_route=%2Fwp%2Fv2%2Fcomments&post=2777"}],"version-history":[{"count":5,"href":"https:\/\/gppg.prs.hr\/index.php?rest_route=\/wp\/v2\/posts\/2777\/revisions"}],"predecessor-version":[{"id":3191,"href":"https:\/\/gppg.prs.hr\/index.php?rest_route=\/wp\/v2\/posts\/2777\/revisions\/3191"}],"wp:featuredmedia":[{"embeddable":true,"href":"https:\/\/gppg.prs.hr\/index.php?rest_route=\/wp\/v2\/media\/2771"}],"wp:attachment":[{"href":"https:\/\/gppg.prs.hr\/index.php?rest_route=%2Fwp%2Fv2%2Fmedia&parent=2777"}],"wp:term":[{"taxonomy":"category","embeddable":true,"href":"https:\/\/gppg.prs.hr\/index.php?rest_route=%2Fwp%2Fv2%2Fcategories&post=2777"},{"taxonomy":"post_tag","embeddable":true,"href":"https:\/\/gppg.prs.hr\/index.php?rest_route=%2Fwp%2Fv2%2Ftags&post=2777"}],"curies":[{"name":"wp","href":"https:\/\/api.w.org\/{rel}","templated":true}]}}