{"id":2827,"date":"2020-01-20T13:21:00","date_gmt":"2020-01-20T13:21:00","guid":{"rendered":"https:\/\/gppg.prs.hr\/?p=2827"},"modified":"2020-02-17T13:25:55","modified_gmt":"2020-02-17T13:25:55","slug":"european-parliament-on-the-gender-pay-gap","status":"publish","type":"post","link":"https:\/\/gppg.prs.hr\/?p=2827&lang=en","title":{"rendered":"European Parliament on the gender pay gap"},"content":{"rendered":"\n<p>During the plenary session (13-16 January 2020) of the European Parliament in Strasbourg, MEPs debate on the gender pay gap. <\/p>\n\n\n\n<p>Linkovi:<\/p>\n\n\n\n<p><a href=\"https:\/\/www.europarl.europa.eu\/ep-live\/en\/plenary\/video?debate=1578943569799\">Plenary session: Gender pay gap (debate)<\/a><\/p>\n\n\n\n<p><a href=\"https:\/\/multimedia.europarl.europa.eu\/en\/gender-pay-gap-debate_I182636-V_v\">Gender pay gap: extracts from the debate<\/a><\/p>\n\n\n\n<p><a href=\"https:\/\/www.radiodalmacija.hr\/zbog-neravnopravnosti-u-placama-zene-godisnje-rade-dva-mjeseca-besplatno\/\">Radio Dalmacija <\/a><\/p>\n\n\n\n<p><a href=\"https:\/\/www.nacional.hr\/glavak-zbog-neravnopravnosti-u-placama-zene-godisnje-rade-dva-mjeseca-besplatno\/\">Nacional <\/a><\/p>\n\n\n\n<p><a href=\"http:\/\/novilist.hr\/Vijesti\/Hrvatska\/Suncana-Glavak-Zbog-neravnopravnosti-u-placama-zene-godisnje-rade-dva-mjeseca-besplatno\">Novi list<\/a><\/p>\n\n\n\n<p><a href=\"https:\/\/prigorski.hr\/suncana-glavak-hrvatska-je-kroz-povijest-pokazala-da-se-ne-boji-izazova-predsjedanje-je-prilika-da-se-pokaze-odgovornost\/\">Prigorski.hr<\/a><\/p>\n\n\n\n<p><a href=\"https:\/\/www.hia.com.hr\/eu-i-svijet\/eu-parlament\/item\/12248-zbog-neravnopravnosti-u-placama-zene-godisnje-rade-dva-mjeseca-besplatno\">Hrvatsko iseljeni\u0161tvo<\/a><\/p>\n\n\n\n<p><a href=\"https:\/\/grabancijas.com\/glavak-znate-li-da-su-zene-od-4-studenog-2019-do-kraja-godine-radile-besplatno\/\">Grabancija\u0161<\/a><\/p>\n\n\n\n<p><a href=\"https:\/\/www.varazdinske-vijesti.hr\/aktualno\/zbog-neravnopravnosti-u-placama-zene-godisnje-rade-dva-mjeseca-besplatno-37280\/\">Vara\u017edinske vijesti<\/a><\/p>\n\n\n<p><!--EndFragment--><br>\n<br>\n<\/p>","protected":false},"excerpt":{"rendered":"<p>During the plenary session (13-16 January 2020) of the European Parliament in Strasbourg, MEPs debate on the gender pay gap. Linkovi: Plenary session: Gender pay gap (debate) Gender pay gap: extracts from the debate Radio Dalmacija Nacional Novi list Prigorski.hr Hrvatsko iseljeni\u0161tvo Grabancija\u0161 Vara\u017edinske vijesti<\/p>\n","protected":false},"author":3,"featured_media":2760,"comment_status":"closed","ping_status":"closed","sticky":true,"template":"","format":"standard","meta":{"footnotes":""},"categories":[28],"tags":[],"class_list":["post-2827","post","type-post","status-publish","format-standard","has-post-thumbnail","hentry","category-news"],"_links":{"self":[{"href":"https:\/\/gppg.prs.hr\/index.php?rest_route=\/wp\/v2\/posts\/2827","targetHints":{"allow":["GET"]}}],"collection":[{"href":"https:\/\/gppg.prs.hr\/index.php?rest_route=\/wp\/v2\/posts"}],"about":[{"href":"https:\/\/gppg.prs.hr\/index.php?rest_route=\/wp\/v2\/types\/post"}],"author":[{"embeddable":true,"href":"https:\/\/gppg.prs.hr\/index.php?rest_route=\/wp\/v2\/users\/3"}],"replies":[{"embeddable":true,"href":"https:\/\/gppg.prs.hr\/index.php?rest_route=%2Fwp%2Fv2%2Fcomments&post=2827"}],"version-history":[{"count":1,"href":"https:\/\/gppg.prs.hr\/index.php?rest_route=\/wp\/v2\/posts\/2827\/revisions"}],"predecessor-version":[{"id":2828,"href":"https:\/\/gppg.prs.hr\/index.php?rest_route=\/wp\/v2\/posts\/2827\/revisions\/2828"}],"wp:featuredmedia":[{"embeddable":true,"href":"https:\/\/gppg.prs.hr\/index.php?rest_route=\/wp\/v2\/media\/2760"}],"wp:attachment":[{"href":"https:\/\/gppg.prs.hr\/index.php?rest_route=%2Fwp%2Fv2%2Fmedia&parent=2827"}],"wp:term":[{"taxonomy":"category","embeddable":true,"href":"https:\/\/gppg.prs.hr\/index.php?rest_route=%2Fwp%2Fv2%2Fcategories&post=2827"},{"taxonomy":"post_tag","embeddable":true,"href":"https:\/\/gppg.prs.hr\/index.php?rest_route=%2Fwp%2Fv2%2Ftags&post=2827"}],"curies":[{"name":"wp","href":"https:\/\/api.w.org\/{rel}","templated":true}]}}