{"id":2844,"date":"2020-05-28T07:23:00","date_gmt":"2020-05-28T07:23:00","guid":{"rendered":"https:\/\/gppg.prs.hr\/?p=2844"},"modified":"2020-07-09T08:35:40","modified_gmt":"2020-07-09T08:35:40","slug":"odrzan-partnerski-sastanak-2","status":"publish","type":"post","link":"https:\/\/gppg.prs.hr\/?p=2844","title":{"rendered":"Odr\u017ean partnerski sastanak"},"content":{"rendered":"\n<p>U uredu Pravobraniteljice za ravnopravnost spolova odr\u017ean je partnerski sastanak na kojem su teme bile produljenje trajanja projekta  \u201cJednaka prava &#8211; jednake pla\u0107e &#8211; jednake mirovine\u201d do kraja 2020. godine te novog rasporeda projektnih aktivnosti. Razgovaralo se o aktivnostima koje se trenutno provode: izrada Modela kolektivnog ugovora-rodni aspekt kolektivnog pregovaranja, priru\u010dnika za edukaciju na temu rodnog jaza u pla\u0107ama i mirovinama te izvje\u0161\u0107a o rezultatima procjena u\u010dinkovitosti radionica \u201eRavnopravnost za sve\u201c. Nakon toga predstavljene su predstoje\u0107e aktivnosti \u2013 sastanci s ministarstvima i saborskim odborima kojima je cilje predstavljanje strate\u0161kih dokumenata koji se izra\u0111uju unutar projekta. <br> Na sastanku su sudjelovale\/i predstavnice\/i Pravobraniteljice za ravnopravnost spolova: Vi\u0161nja Ljubi\u010di\u0107, pravobraniteljica za ravnopravnost spolova; Kristijan Keve\u0161evi\u0107, zamjenik pravobraniteljice; Mladenka Morovi\u0107, \u010dlanica projekta; Sanda Brumen, koordinatorica projekta; te predstavnici\/e partnerskih organizacija Josip \u0160ipi\u0107 iz Instituta za dru\u0161tvena istra\u017eivanja u Zagrebu (IDIZ) te Jasna Petrovi\u0107 i Igor Kne\u017eevi\u0107 iz Sindikata umirovljenika Hrvatske.<\/p>\n","protected":false},"excerpt":{"rendered":"<p>U uredu Pravobraniteljice za ravnopravnost spolova odr\u017ean je partnerski sastanak na kojem su teme bile produljenje trajanja projekta \u201cJednaka prava &#8211; jednake pla\u0107e &#8211; jednake mirovine\u201d do kraja 2020. godine te novog rasporeda projektnih aktivnosti. Razgovaralo se o aktivnostima koje se trenutno provode: izrada Modela kolektivnog ugovora-rodni aspekt kolektivnog pregovaranja, priru\u010dnika za edukaciju na temu &hellip; <a href=\"https:\/\/gppg.prs.hr\/?p=2844\" class=\"more-link\">Continue reading<span class=\"screen-reader-text\"> &#8220;Odr\u017ean partnerski sastanak&#8221;<\/span><\/a><\/p>\n","protected":false},"author":3,"featured_media":2845,"comment_status":"closed","ping_status":"closed","sticky":true,"template":"","format":"standard","meta":{"footnotes":""},"categories":[26],"tags":[],"class_list":["post-2844","post","type-post","status-publish","format-standard","has-post-thumbnail","hentry","category-vijesti"],"_links":{"self":[{"href":"https:\/\/gppg.prs.hr\/index.php?rest_route=\/wp\/v2\/posts\/2844","targetHints":{"allow":["GET"]}}],"collection":[{"href":"https:\/\/gppg.prs.hr\/index.php?rest_route=\/wp\/v2\/posts"}],"about":[{"href":"https:\/\/gppg.prs.hr\/index.php?rest_route=\/wp\/v2\/types\/post"}],"author":[{"embeddable":true,"href":"https:\/\/gppg.prs.hr\/index.php?rest_route=\/wp\/v2\/users\/3"}],"replies":[{"embeddable":true,"href":"https:\/\/gppg.prs.hr\/index.php?rest_route=%2Fwp%2Fv2%2Fcomments&post=2844"}],"version-history":[{"count":2,"href":"https:\/\/gppg.prs.hr\/index.php?rest_route=\/wp\/v2\/posts\/2844\/revisions"}],"predecessor-version":[{"id":2847,"href":"https:\/\/gppg.prs.hr\/index.php?rest_route=\/wp\/v2\/posts\/2844\/revisions\/2847"}],"wp:featuredmedia":[{"embeddable":true,"href":"https:\/\/gppg.prs.hr\/index.php?rest_route=\/wp\/v2\/media\/2845"}],"wp:attachment":[{"href":"https:\/\/gppg.prs.hr\/index.php?rest_route=%2Fwp%2Fv2%2Fmedia&parent=2844"}],"wp:term":[{"taxonomy":"category","embeddable":true,"href":"https:\/\/gppg.prs.hr\/index.php?rest_route=%2Fwp%2Fv2%2Fcategories&post=2844"},{"taxonomy":"post_tag","embeddable":true,"href":"https:\/\/gppg.prs.hr\/index.php?rest_route=%2Fwp%2Fv2%2Ftags&post=2844"}],"curies":[{"name":"wp","href":"https:\/\/api.w.org\/{rel}","templated":true}]}}