{"id":2916,"date":"2020-07-13T07:24:00","date_gmt":"2020-07-13T07:24:00","guid":{"rendered":"https:\/\/gppg.prs.hr\/?p=2916"},"modified":"2020-07-14T08:57:34","modified_gmt":"2020-07-14T08:57:34","slug":"odrzan-sastanak-u-vezi-organizacije-zavrsne-konferencije","status":"publish","type":"post","link":"https:\/\/gppg.prs.hr\/?p=2916","title":{"rendered":"Odr\u017ean sastanak u vezi organizacije zavr\u0161ne konferencije"},"content":{"rendered":"\n<p>U uredu Pravobraniteljice za ravnopravnost spolova odr\u017ean je partnerski sastanak na kojem se razgovaralo o organizaciji zavr\u0161ne konferencije i performansa u sklopu projekta \u201cJednaka prava \u2013 jednake pla\u0107e \u2013 jednake mirovine\u201d koji \u0107e se odr\u017eati u studenom 2020. godine a na kojem \u0107e stru\u010dnjaci\/kinje iz zemlje i inozemstva predstaviti planove i ekspertize na podru\u010dju jednakih pla\u0107a, rodne jednakosti i tr\u017ei\u0161ta rada. Zaklju\u010dci konferencije bit \u0107e predstavljeni stru\u010dnjacima\/kinjama i donosiocima politika na lokalnoj, regionalnoj i EU razini u cilju postizanja vidljivosti i odr\u017eivost projekta. Ciljana populacija konferencije su: mediji, saborski\/e zastupnici\/e, predstavnici\/e vlasti na nacionalnoj i lokalnoj vlasti, akademska javnost, studenti\/ce, predstavnici\/e civilnog dru\u0161tva, \u010dlanovi\/ice EQUINET-a, stru\u010dnjaci\/kinje na podru\u010dku rodne ravnopravnosti, umirovljenici\/e, javni i privatni sektor, te \u0161ira javnost. Na sastanku su sudjelovale\/i predstavnice\/i Pravobraniteljice za ravnopravnost spolova: Kristijan Keve\u0161evi\u0107, zamjenik pravobraniteljice; Mladenka Morovi\u0107, \u010dlanica projekta; Sanda Brumen, koordinatorica projekta; te predstavnica partnerske organizacija: Anamarija Tkal\u010dec (Centar za edukaciju, savjetovanje i istra\u017eivanje (CESI).<\/p>\n","protected":false},"excerpt":{"rendered":"<p>U uredu Pravobraniteljice za ravnopravnost spolova odr\u017ean je partnerski sastanak na kojem se razgovaralo o organizaciji zavr\u0161ne konferencije i performansa u sklopu projekta \u201cJednaka prava \u2013 jednake pla\u0107e \u2013 jednake mirovine\u201d koji \u0107e se odr\u017eati u studenom 2020. godine a na kojem \u0107e stru\u010dnjaci\/kinje iz zemlje i inozemstva predstaviti planove i ekspertize na podru\u010dju jednakih &hellip; <a href=\"https:\/\/gppg.prs.hr\/?p=2916\" class=\"more-link\">Continue reading<span class=\"screen-reader-text\"> &#8220;Odr\u017ean sastanak u vezi organizacije zavr\u0161ne konferencije&#8221;<\/span><\/a><\/p>\n","protected":false},"author":3,"featured_media":2917,"comment_status":"closed","ping_status":"closed","sticky":true,"template":"","format":"standard","meta":{"footnotes":""},"categories":[26],"tags":[],"class_list":["post-2916","post","type-post","status-publish","format-standard","has-post-thumbnail","hentry","category-vijesti"],"_links":{"self":[{"href":"https:\/\/gppg.prs.hr\/index.php?rest_route=\/wp\/v2\/posts\/2916","targetHints":{"allow":["GET"]}}],"collection":[{"href":"https:\/\/gppg.prs.hr\/index.php?rest_route=\/wp\/v2\/posts"}],"about":[{"href":"https:\/\/gppg.prs.hr\/index.php?rest_route=\/wp\/v2\/types\/post"}],"author":[{"embeddable":true,"href":"https:\/\/gppg.prs.hr\/index.php?rest_route=\/wp\/v2\/users\/3"}],"replies":[{"embeddable":true,"href":"https:\/\/gppg.prs.hr\/index.php?rest_route=%2Fwp%2Fv2%2Fcomments&post=2916"}],"version-history":[{"count":1,"href":"https:\/\/gppg.prs.hr\/index.php?rest_route=\/wp\/v2\/posts\/2916\/revisions"}],"predecessor-version":[{"id":2918,"href":"https:\/\/gppg.prs.hr\/index.php?rest_route=\/wp\/v2\/posts\/2916\/revisions\/2918"}],"wp:featuredmedia":[{"embeddable":true,"href":"https:\/\/gppg.prs.hr\/index.php?rest_route=\/wp\/v2\/media\/2917"}],"wp:attachment":[{"href":"https:\/\/gppg.prs.hr\/index.php?rest_route=%2Fwp%2Fv2%2Fmedia&parent=2916"}],"wp:term":[{"taxonomy":"category","embeddable":true,"href":"https:\/\/gppg.prs.hr\/index.php?rest_route=%2Fwp%2Fv2%2Fcategories&post=2916"},{"taxonomy":"post_tag","embeddable":true,"href":"https:\/\/gppg.prs.hr\/index.php?rest_route=%2Fwp%2Fv2%2Ftags&post=2916"}],"curies":[{"name":"wp","href":"https:\/\/api.w.org\/{rel}","templated":true}]}}