{"id":2942,"date":"2020-03-10T12:59:51","date_gmt":"2020-03-10T12:59:51","guid":{"rendered":"https:\/\/gppg.prs.hr\/?p=2942"},"modified":"2020-07-24T13:01:43","modified_gmt":"2020-07-24T13:01:43","slug":"meeting-with-croatian-bureau-of-statistics","status":"publish","type":"post","link":"https:\/\/gppg.prs.hr\/?p=2942&lang=en","title":{"rendered":"Meeting with Croatian Bureau of Statistics"},"content":{"rendered":"\n<p>Ombudsperson for Gender Equality Vi\u0161nja Ljubi\u010di\u0107 held meeting with representatives of Croatian Bureau of Statistics: Lidija Brkovi\u0107, director general; Andrea Gali\u0107 Nagyszombat, director of Statistical methodologies; Dubravka Rogi\u0107-Had\u017eali\u0107, director of Quality and customer relations directorate; Dubravka Rogi\u0107-Had\u017eali\u0107, director of Demographic and social statistics directorate; Katarina Litva and Snje\u017eana Varga from Labour market statistics department. Topics were data set which was deliverd to the Institute for Social Research in Zagreb for researches within the project \u201cEqual rights \u2013 Equal Pay \u2013 Equal Pensions\u201d, data avalibility and statistic analysis related to labour market, specially gender pay and pension gap and official Bureaus&#8217; and Eurostat reports on these topics.<\/p>\n\n\n\n<p>Ombudsperson emphasized that there is a need for deeper analysis to find causes of gender pay and pension gap, what is also aim of the of the project, and suggested cooperation in collecting and improving data bases.<\/p>\n\n\n\n<p>Participants were: representatives of the Ombudsperson for Gender Equality: Mladenka Morovi\u0107, project assistant; Sanda Brumen, project coordinator and representatives of partners organizations: Josip \u0160ipi\u0107 from Institute for Social Research and Igor Kne\u017eevi\u0107 from Retired Persons\u2019 Trade Union of Croatia.<\/p>\n","protected":false},"excerpt":{"rendered":"<p>Ombudsperson for Gender Equality Vi\u0161nja Ljubi\u010di\u0107 held meeting with representatives of Croatian Bureau of Statistics: Lidija Brkovi\u0107, director general; Andrea Gali\u0107 Nagyszombat, director of Statistical methodologies; Dubravka Rogi\u0107-Had\u017eali\u0107, director of Quality and customer relations directorate; Dubravka Rogi\u0107-Had\u017eali\u0107, director of Demographic and social statistics directorate; Katarina Litva and Snje\u017eana Varga from Labour market statistics department. Topics &hellip; <a href=\"https:\/\/gppg.prs.hr\/?p=2942&#038;lang=en\" class=\"more-link\">Continue reading<span class=\"screen-reader-text\"> &#8220;Meeting with Croatian Bureau of Statistics&#8221;<\/span><\/a><\/p>\n","protected":false},"author":3,"featured_media":2841,"comment_status":"closed","ping_status":"closed","sticky":false,"template":"","format":"standard","meta":{"footnotes":""},"categories":[28],"tags":[],"class_list":["post-2942","post","type-post","status-publish","format-standard","has-post-thumbnail","hentry","category-news"],"_links":{"self":[{"href":"https:\/\/gppg.prs.hr\/index.php?rest_route=\/wp\/v2\/posts\/2942","targetHints":{"allow":["GET"]}}],"collection":[{"href":"https:\/\/gppg.prs.hr\/index.php?rest_route=\/wp\/v2\/posts"}],"about":[{"href":"https:\/\/gppg.prs.hr\/index.php?rest_route=\/wp\/v2\/types\/post"}],"author":[{"embeddable":true,"href":"https:\/\/gppg.prs.hr\/index.php?rest_route=\/wp\/v2\/users\/3"}],"replies":[{"embeddable":true,"href":"https:\/\/gppg.prs.hr\/index.php?rest_route=%2Fwp%2Fv2%2Fcomments&post=2942"}],"version-history":[{"count":1,"href":"https:\/\/gppg.prs.hr\/index.php?rest_route=\/wp\/v2\/posts\/2942\/revisions"}],"predecessor-version":[{"id":2943,"href":"https:\/\/gppg.prs.hr\/index.php?rest_route=\/wp\/v2\/posts\/2942\/revisions\/2943"}],"wp:featuredmedia":[{"embeddable":true,"href":"https:\/\/gppg.prs.hr\/index.php?rest_route=\/wp\/v2\/media\/2841"}],"wp:attachment":[{"href":"https:\/\/gppg.prs.hr\/index.php?rest_route=%2Fwp%2Fv2%2Fmedia&parent=2942"}],"wp:term":[{"taxonomy":"category","embeddable":true,"href":"https:\/\/gppg.prs.hr\/index.php?rest_route=%2Fwp%2Fv2%2Fcategories&post=2942"},{"taxonomy":"post_tag","embeddable":true,"href":"https:\/\/gppg.prs.hr\/index.php?rest_route=%2Fwp%2Fv2%2Ftags&post=2942"}],"curies":[{"name":"wp","href":"https:\/\/api.w.org\/{rel}","templated":true}]}}