{"id":3241,"date":"2020-09-25T13:40:19","date_gmt":"2020-09-25T13:40:19","guid":{"rendered":"https:\/\/gppg.prs.hr\/?p=3241"},"modified":"2020-09-25T14:24:26","modified_gmt":"2020-09-25T14:24:26","slug":"odrzan-partnerski-sastanak-3","status":"publish","type":"post","link":"https:\/\/gppg.prs.hr\/?p=3241","title":{"rendered":"Odr\u017ean partnerski sastanak"},"content":{"rendered":"\n<p>U uredu Pravobraniteljice za ravnopravnost spolova odr\u017ean je sastanak s partnerskim organizacije na temu provedbe projekta. Na po\u010detku su predstavljene provedene aktivnosti u periodu od srpnja 2020. godine: distribucija priru\u010dnika <em>Model kolektivnog ugovora \u2013 rodni aspekt kolektivnog pregovaranja <\/em>temjese\u010dno objavljivanje tekstova u Glasu umirovljenika, dok je iznijeto da su Ministarstvo za demografiju, obitelj, mlade i socijalnu politiku, Ministarstvo rada i mirovinskoga sustava i Dr\u017eavni inspektorata podr\u017eali implementaciju <em>Modela kolektivnog ugovora<\/em>. Razgovaralo se i o aktivnostima koje su u pripremi te zavr\u0161noj konferenciji koja \u0107e biti odr\u017eana pri kraju projekta. \u00a0<\/p>\n\n\n\n<p>Na sastanku su sudjelovale\/i predstavnice\/i Pravobraniteljice za ravnopravnost spolova: Kristijan Keve\u0161evi\u0107, zamjenik pravobraniteljice; Mladenka Morovi\u0107, \u010dlanica projekta; Sanda Brumen, koordinatorica projekta; te predstavnici\/e partnerskih organizacija Josip \u0160ipi\u0107 iz Instituta za dru\u0161tvena istra\u017eivanja u Zagrebu (IDIZ), Anamarija Tkal\u010dec (Centar za edukaciju, savjetovanje i istra\u017eivanje (CESI) te Jasna Petrovi\u0107 i Igor Kne\u017eevi\u0107 iz Sindikata umirovljenika Hrvatske.<\/p>\n","protected":false},"excerpt":{"rendered":"<p>U uredu Pravobraniteljice za ravnopravnost spolova odr\u017ean je sastanak s partnerskim organizacije na temu provedbe projekta. Na po\u010detku su predstavljene provedene aktivnosti u periodu od srpnja 2020. godine: distribucija priru\u010dnika Model kolektivnog ugovora \u2013 rodni aspekt kolektivnog pregovaranja temjese\u010dno objavljivanje tekstova u Glasu umirovljenika, dok je iznijeto da su Ministarstvo za demografiju, obitelj, mlade i &hellip; <a href=\"https:\/\/gppg.prs.hr\/?p=3241\" class=\"more-link\">Continue reading<span class=\"screen-reader-text\"> &#8220;Odr\u017ean partnerski sastanak&#8221;<\/span><\/a><\/p>\n","protected":false},"author":3,"featured_media":3244,"comment_status":"closed","ping_status":"closed","sticky":true,"template":"","format":"standard","meta":{"footnotes":""},"categories":[26],"tags":[],"class_list":["post-3241","post","type-post","status-publish","format-standard","has-post-thumbnail","hentry","category-vijesti"],"_links":{"self":[{"href":"https:\/\/gppg.prs.hr\/index.php?rest_route=\/wp\/v2\/posts\/3241","targetHints":{"allow":["GET"]}}],"collection":[{"href":"https:\/\/gppg.prs.hr\/index.php?rest_route=\/wp\/v2\/posts"}],"about":[{"href":"https:\/\/gppg.prs.hr\/index.php?rest_route=\/wp\/v2\/types\/post"}],"author":[{"embeddable":true,"href":"https:\/\/gppg.prs.hr\/index.php?rest_route=\/wp\/v2\/users\/3"}],"replies":[{"embeddable":true,"href":"https:\/\/gppg.prs.hr\/index.php?rest_route=%2Fwp%2Fv2%2Fcomments&post=3241"}],"version-history":[{"count":1,"href":"https:\/\/gppg.prs.hr\/index.php?rest_route=\/wp\/v2\/posts\/3241\/revisions"}],"predecessor-version":[{"id":3245,"href":"https:\/\/gppg.prs.hr\/index.php?rest_route=\/wp\/v2\/posts\/3241\/revisions\/3245"}],"wp:featuredmedia":[{"embeddable":true,"href":"https:\/\/gppg.prs.hr\/index.php?rest_route=\/wp\/v2\/media\/3244"}],"wp:attachment":[{"href":"https:\/\/gppg.prs.hr\/index.php?rest_route=%2Fwp%2Fv2%2Fmedia&parent=3241"}],"wp:term":[{"taxonomy":"category","embeddable":true,"href":"https:\/\/gppg.prs.hr\/index.php?rest_route=%2Fwp%2Fv2%2Fcategories&post=3241"},{"taxonomy":"post_tag","embeddable":true,"href":"https:\/\/gppg.prs.hr\/index.php?rest_route=%2Fwp%2Fv2%2Ftags&post=3241"}],"curies":[{"name":"wp","href":"https:\/\/api.w.org\/{rel}","templated":true}]}}