{"id":3253,"date":"2020-10-12T07:37:00","date_gmt":"2020-10-12T07:37:00","guid":{"rendered":"https:\/\/gppg.prs.hr\/?p=3253"},"modified":"2020-10-13T08:01:34","modified_gmt":"2020-10-13T08:01:34","slug":"partnerski-sastanak-o-organizaciji-zavrsne-konferencije","status":"publish","type":"post","link":"https:\/\/gppg.prs.hr\/?p=3253","title":{"rendered":"Partnerski sastanak o organizaciji zavr\u0161ne konferencije"},"content":{"rendered":"\n<p>Pravobraniteljica za ravnopravnost spolova odr\u017eala je sastanak s partnerskim organizacije na temu organizacije zavr\u0161ne konferencije koja \u0107e se odr\u017eati online a na na kojoj \u0107e biti predstavljena provedena istra\u017eivanja te izdane bro\u0161ure. Na konferenciji \u0107e sudjelovati partnerske organizacije i relevantne institucije a ciljana populacija su mediji, umirovljenici\/e, javni i privatni poslovni sektor, zastupnici\/e u Saboru, vlast na lokalnoj i nacionalnoj razini, akademska javnost, studenti\/ce, organizacije civilnog dru\u0161tva, \u010dlanovi\/ce EQUINET-a te stru\u010dnjaci\/kinje na podru\u010dju rodne ravnopravnosti i tijela koja se bave rodnom ravnopravno\u0161\u0107u. Osim konferencije bit \u0107e izveden i performans u kojem \u0107e se koristiti podaci o stvarnim slu\u010dajevma vezanim uz rodni jaz u pla\u0107ama i mirovinama na kojima radi Pravobraniteljica.<\/p>\n\n\n\n<p>Na sastanku su sudjelovale\/i predstavnice\/i Pravobraniteljice za ravnopravnost spolova: Vi\u0161nja Ljubi\u010di\u0107, pravobraniteljica; Kristijan Keve\u0161evi\u0107, zamjenik pravobraniteljice; Mladenka Morovi\u0107, \u010dlanica projekta; Sanda Brumen, koordinatorica projekta; te predstavnici\/e partnerskih organizacija: Josip \u0160ipi\u0107 iz Instituta za dru\u0161tvena istra\u017eivanja u Zagrebu (IDIZ), te Jasna Petrovi\u0107 i Igor Kne\u017eevi\u0107 iz Sindikata umirovljenika Hrvatske.<\/p>\n","protected":false},"excerpt":{"rendered":"<p>Pravobraniteljica za ravnopravnost spolova odr\u017eala je sastanak s partnerskim organizacije na temu organizacije zavr\u0161ne konferencije koja \u0107e se odr\u017eati online a na na kojoj \u0107e biti predstavljena provedena istra\u017eivanja te izdane bro\u0161ure. Na konferenciji \u0107e sudjelovati partnerske organizacije i relevantne institucije a ciljana populacija su mediji, umirovljenici\/e, javni i privatni poslovni sektor, zastupnici\/e u Saboru, &hellip; <a href=\"https:\/\/gppg.prs.hr\/?p=3253\" class=\"more-link\">Continue reading<span class=\"screen-reader-text\"> &#8220;Partnerski sastanak o organizaciji zavr\u0161ne konferencije&#8221;<\/span><\/a><\/p>\n","protected":false},"author":3,"featured_media":3254,"comment_status":"closed","ping_status":"closed","sticky":true,"template":"","format":"standard","meta":{"footnotes":""},"categories":[26],"tags":[],"class_list":["post-3253","post","type-post","status-publish","format-standard","has-post-thumbnail","hentry","category-vijesti"],"_links":{"self":[{"href":"https:\/\/gppg.prs.hr\/index.php?rest_route=\/wp\/v2\/posts\/3253","targetHints":{"allow":["GET"]}}],"collection":[{"href":"https:\/\/gppg.prs.hr\/index.php?rest_route=\/wp\/v2\/posts"}],"about":[{"href":"https:\/\/gppg.prs.hr\/index.php?rest_route=\/wp\/v2\/types\/post"}],"author":[{"embeddable":true,"href":"https:\/\/gppg.prs.hr\/index.php?rest_route=\/wp\/v2\/users\/3"}],"replies":[{"embeddable":true,"href":"https:\/\/gppg.prs.hr\/index.php?rest_route=%2Fwp%2Fv2%2Fcomments&post=3253"}],"version-history":[{"count":1,"href":"https:\/\/gppg.prs.hr\/index.php?rest_route=\/wp\/v2\/posts\/3253\/revisions"}],"predecessor-version":[{"id":3255,"href":"https:\/\/gppg.prs.hr\/index.php?rest_route=\/wp\/v2\/posts\/3253\/revisions\/3255"}],"wp:featuredmedia":[{"embeddable":true,"href":"https:\/\/gppg.prs.hr\/index.php?rest_route=\/wp\/v2\/media\/3254"}],"wp:attachment":[{"href":"https:\/\/gppg.prs.hr\/index.php?rest_route=%2Fwp%2Fv2%2Fmedia&parent=3253"}],"wp:term":[{"taxonomy":"category","embeddable":true,"href":"https:\/\/gppg.prs.hr\/index.php?rest_route=%2Fwp%2Fv2%2Fcategories&post=3253"},{"taxonomy":"post_tag","embeddable":true,"href":"https:\/\/gppg.prs.hr\/index.php?rest_route=%2Fwp%2Fv2%2Ftags&post=3253"}],"curies":[{"name":"wp","href":"https:\/\/api.w.org\/{rel}","templated":true}]}}