{"id":3268,"date":"2020-11-23T10:08:54","date_gmt":"2020-11-23T10:08:54","guid":{"rendered":"https:\/\/gppg.prs.hr\/?p=3268"},"modified":"2020-11-23T10:08:57","modified_gmt":"2020-11-23T10:08:57","slug":"zavrsna-online-konferencija-projekta","status":"publish","type":"post","link":"https:\/\/gppg.prs.hr\/?p=3268","title":{"rendered":"Zavr\u0161na online konferencija projekta"},"content":{"rendered":"\n<p>Pravobraniteljica za ravnopravnost spolova vas poziva na online zavr\u0161nu konferenciju EU projekta \u201cJednaka prava &#8211; jednake pla\u0107e &#8211; jednake mirovine\u201d &#8211; <em>\u0160irenje opsega implementacije akcija i zakonskih standarda rodne ravnopravnosti s ciljem dostizanja rodne ravnopravnosti i sprje\u010davanja siroma\u0161tva u Hrvatskoj <\/em>koja \u0107e se odr\u017eati <strong>24. studenog 2020<\/strong>., s\u00a0 po\u010detkom<strong> u 11.00.<\/strong><\/p>\n\n\n\n<p>Konferencija se odr\u017eava u mjesecu studenom u kojem obilje\u017eavamo i Dan jednakih pla\u0107a (EU equal pay day). Ove godine taj dan je bio <strong>10. studeni<\/strong>, od kojeg datuma&nbsp; simboli\u010dno ra\u010dunamo&nbsp; da u prosjeku &nbsp;\u017eene, za razliku od svojih mu\u0161kih kolega, do kraja kalendarske godine vi\u0161e &nbsp;ne primaju &nbsp;pla\u0107u jer&nbsp; rade <strong>\u201c<\/strong>besplatno<strong>\u201c<\/strong>. Rodni jaz u pla\u0107ama, po najnovijim podacima Eurostata, u ovoj godini u EU-27 iznosi 14,1,%.<\/p>\n\n\n\n<p>Projekt \u201cJednaka prava &#8211; jednake pla\u0107e &#8211; jednake mirovine\u201d financira Europska komisija temeljem REC (Rights, Equality and Citizenship) programa, a cilj je podizanje svijesti o dru\u0161tvenom problemu jaza u pla\u0107ama i mirovinama izme\u0111u mu\u0161karaca i \u017eena, kako bi se smanjio rizik siroma\u0161tva za \u017eene u Hrvatskoj. Kroz projekt smo, temeljem istra\u017eivanja i analiza, dobili nova znanja kojima te\u017eimo boljem razumijevanju uzroka i posljedica jaza u pla\u0107ama i mirovinama, kreirali smo &nbsp;edukacijski program, kao i standarde i mjere za smanjivanje jaza u pla\u0107ama i mirovinama, temeljem kojih \u0107emo i nadalje osvje\u0161\u0107ivati o ovoj problematici. Projekt se provodi od 1. listopada 2018. do 31. prosinca 2020.<\/p>\n\n\n\n<p>Nositeljica projekta je Pravobraniteljica za ravnopravnost spolova a partneri su: Institut za dru\u0161tvena istra\u017eivanja u Zagrebu, CESI-Centar za edukaciju, savjetovanje i istra\u017eivanje, Sindikat umirovljenika Hrvatske i&nbsp; Institut za ravnopravnost \u017eena i mu\u0161karaca (Belgija) te dr\u017eavna tijela koja daju potporu su: Ministarstvo rada, mirovinskoga sustava, obitelji i socijalne politike, Ministarstvo znanosti i obrazovanja, Ministarstvo pravosu\u0111a i uprave i Dr\u017eavni zavod za statistiku.<\/p>\n\n\n\n<p><strong>Slijedom navedenog, molimo da se na online konferenciju prijavite putem elektroni\u010dke po\u0161te na <a href=\"mailto:equal-rpp@prs.hr\">equal-rpp@prs.hr<\/a> te \u0107emo Vam nakon toga dostaviti link putem kojeg \u0107ete mo\u0107i pratiti konferenciju.<\/strong><\/p>\n\n\n\n<p>izuzetno nam je zadovoljstvo pozvati Vas na online zavr\u0161nu konferenciju EU projekta \u201cJednaka prava &#8211; jednake pla\u0107e &#8211; jednake mirovine\u201d &#8211; <em>\u0160irenje opsega implementacije akcija i zakonskih standarda rodne ravnopravnosti s ciljem dostizanja rodne ravnopravnosti i sprje\u010davanja siroma\u0161tva u Hrvatskoj <\/em>koja \u0107e se odr\u017eati <strong>24. studenog 2020<\/strong>., s&nbsp; po\u010detkom<strong> u 11.00.<\/strong><\/p>\n\n\n\n<p>Konferencija se odr\u017eava u mjesecu studenom u kojem obilje\u017eavamo i Dan jednakih pla\u0107a (EU equal pay day). Ove godine taj dan je bio <strong>10. studeni<\/strong>, od kojeg datuma&nbsp; simboli\u010dno ra\u010dunamo&nbsp; da u prosjeku &nbsp;\u017eene, za razliku od svojih mu\u0161kih kolega, do kraja kalendarske godine vi\u0161e &nbsp;ne primaju &nbsp;pla\u0107u jer&nbsp; rade <strong>\u201c<\/strong>besplatno<strong>\u201c<\/strong>. Rodni jaz u pla\u0107ama, po najnovijim podacima Eurostata, u ovoj godini u EU-27 iznosi 14,1,%.<\/p>\n\n\n\n<p>Projekt \u201cJednaka prava &#8211; jednake pla\u0107e &#8211; jednake mirovine\u201d financira Europska komisija temeljem REC (Rights, Equality and Citizenship) programa, a cilj je podizanje svijesti o dru\u0161tvenom problemu jaza u pla\u0107ama i mirovinama izme\u0111u mu\u0161karaca i \u017eena, kako bi se smanjio rizik siroma\u0161tva za \u017eene u Hrvatskoj. Kroz projekt smo, temeljem istra\u017eivanja i analiza, dobili nova znanja kojima te\u017eimo boljem razumijevanju uzroka i posljedica jaza u pla\u0107ama i mirovinama, kreirali smo &nbsp;edukacijski program, kao i standarde i mjere za smanjivanje jaza u pla\u0107ama i mirovinama, temeljem kojih \u0107emo i nadalje osvje\u0161\u0107ivati o ovoj problematici. Projekt se provodi od 1. listopada 2018. do 31. prosinca 2020.<\/p>\n\n\n\n<p>Nositeljica projekta je Pravobraniteljica za ravnopravnost spolova a partneri su: Institut za dru\u0161tvena istra\u017eivanja u Zagrebu, CESI-Centar za edukaciju, savjetovanje i istra\u017eivanje, Sindikat umirovljenika Hrvatske i\u00a0 Institut za ravnopravnost \u017eena i mu\u0161karaca (Belgija) te dr\u017eavna tijela koja daju potporu su: Ministarstvo rada, mirovinskoga sustava, obitelji i socijalne politike, Ministarstvo znanosti i obrazovanja, Ministarstvo pravosu\u0111a i uprave i Dr\u017eavni zavod za statistiku.<\/p>\n\n\n\n<p><strong>Slijedom navedenog, molimo da se na online konferenciju prijavite putem elektroni\u010dke po\u0161te na <a href=\"mailto:equal-rpp@prs.hr\">equal-rpp@prs.hr<\/a> te \u0107emo Vam nakon toga dostaviti link putem kojeg \u0107ete mo\u0107i pratiti konferenciju.<\/strong><\/p>\n\n\n\n<p><strong>DNEVNI RED<\/strong><strong><\/strong><\/p>\n\n\n\n<p><strong>11:00-11:10 Uvodni govor<\/strong><\/p>\n\n\n\n<p><strong>Vi\u0161nja Ljubi\u010di\u0107<\/strong>, pravobraniteljica za ravnopravnost spolova RH, nositeljica projekta \u201eJednaka prava &#8211; jednake pla\u0107e &#8211; jednake mirovine\u201c<\/p>\n\n\n\n<p><strong>11:10-11:25 Video: izjave predstavnika\/ca institucija koje podr\u017eavaju projekt:<\/strong><\/p>\n\n\n\n<p><strong>Josip Aladrovi\u0107<\/strong>, ministar rada, mirovinskoga sustava, obitelji i socijalne politike<\/p>\n\n\n\n<p><strong>Radovan Fuchs<\/strong>, ministar znanosti i obrazovanja<\/p>\n\n\n\n<p><strong>Lidija Brkovi\u0107<\/strong>, glavna ravnateljica Dr\u017eavnog zavoda za statistiku<\/p>\n\n\n\n<p><strong>\u017deljka Josi\u0107<\/strong>, dr\u017eavna tajnica Sredi\u0161njeg dr\u017eavnog ureda za demografiju i mlade<\/p>\n\n\n\n<p><strong>11:25-12:05 Predstavljanje provedenih aktivnosti projekta<\/strong><\/p>\n\n\n\n<p>11:25-11:35 <strong>Josip \u0160ipi\u0107<\/strong>, stru\u010dni savjetnik u Institutu za dru\u0161tvena istra\u017eivanja u Zagrebu, partnerska organizacija na projektu \u201eJednaka prava &#8211; jednake pla\u0107e &#8211; jednake mirovine\u201c<\/p>\n\n\n\n<p>11:35-11:45 <strong>Anamarija Tkal\u010dec<\/strong>, koordinatorica u CESI-Centar za edukaciju, savjetovanje i istra\u017eivanje, partnerska organizacija na projektu \u201eJednaka prava &#8211; jednake pla\u0107e &#8211; jednake mirovine\u201c<\/p>\n\n\n\n<p>11:45-11:55 <strong>Jasna Petrovi\u0107<\/strong>, predsjednica Sindikata umirovljenika Hrvatske, partnerska organizacija na projektu \u201eJednaka prava &#8211; jednake pla\u0107e &#8211; jednake mirovine\u201c<\/p>\n\n\n\n<p>11:55-12:05 <strong>Hildegard<\/strong> <strong>Van Hove<\/strong>, koordinatorica u Institutu za ravnopravnost mu\u0161karaca i \u017eena (Belgija), partnerska organizacija na projektu \u201eJednaka prava &#8211; jednake pla\u0107e &#8211; jednake mirovine\u201c<\/p>\n\n\n\n<p><strong>12.05-12.15<\/strong> <strong>Video: izjave predstavniika\/ca me\u0111unarodnih institucija\/organizacija<\/strong><\/p>\n\n\n\n<p><strong>Sandra Konstatzky<\/strong>, pravobraniteljica za jednako postupanje, Austrija<\/p>\n\n\n\n<p><strong>Tena \u0160imonovi\u0107 Einwalter<\/strong>, zamjenica pu\u010dke pravobraniteljice i \u010delnica Izvr\u0161nog odbora Equinet-a<\/p>\n\n\n\n<p><strong>Magnus Berge<\/strong>, vi\u0161i specijalist u Me\u0111unarodnoj organizaciji rada (Ured za Srednju i Isto\u010dnu Europu)<\/p>\n\n\n\n<p><strong>Luca Visentini<\/strong>, glavni tajnik Europske konfederacije sindikata<\/p>\n\n\n\n<p><strong>Agostino Siciliano<\/strong>, glavni tajnik Europske federacije umirovljenika i starijih osoba<\/p>\n\n\n\n<p><strong>12.15-12.30<\/strong><strong> Video:<\/strong> <strong>predstava Sprije\u010diti, a ne lije\u010diti<\/strong><\/p>\n\n\n\n<p>Moderatorica konferencije: Gordana Gelen\u010der<\/p>\n\n\n\n<p>Doga\u0111aj je realiziran u suradnji sa Studentskim centrom u Zagrebu.<\/p>\n","protected":false},"excerpt":{"rendered":"<p>Pravobraniteljica za ravnopravnost spolova vas poziva na online zavr\u0161nu konferenciju EU projekta \u201cJednaka prava &#8211; jednake pla\u0107e &#8211; jednake mirovine\u201d &#8211; \u0160irenje opsega implementacije akcija i zakonskih standarda rodne ravnopravnosti s ciljem dostizanja rodne ravnopravnosti i sprje\u010davanja siroma\u0161tva u Hrvatskoj koja \u0107e se odr\u017eati 24. studenog 2020., s\u00a0 po\u010detkom u 11.00. Konferencija se odr\u017eava u &hellip; <a href=\"https:\/\/gppg.prs.hr\/?p=3268\" class=\"more-link\">Continue reading<span class=\"screen-reader-text\"> &#8220;Zavr\u0161na online konferencija projekta&#8221;<\/span><\/a><\/p>\n","protected":false},"author":3,"featured_media":0,"comment_status":"closed","ping_status":"closed","sticky":true,"template":"","format":"standard","meta":{"footnotes":""},"categories":[26],"tags":[],"class_list":["post-3268","post","type-post","status-publish","format-standard","hentry","category-vijesti"],"_links":{"self":[{"href":"https:\/\/gppg.prs.hr\/index.php?rest_route=\/wp\/v2\/posts\/3268","targetHints":{"allow":["GET"]}}],"collection":[{"href":"https:\/\/gppg.prs.hr\/index.php?rest_route=\/wp\/v2\/posts"}],"about":[{"href":"https:\/\/gppg.prs.hr\/index.php?rest_route=\/wp\/v2\/types\/post"}],"author":[{"embeddable":true,"href":"https:\/\/gppg.prs.hr\/index.php?rest_route=\/wp\/v2\/users\/3"}],"replies":[{"embeddable":true,"href":"https:\/\/gppg.prs.hr\/index.php?rest_route=%2Fwp%2Fv2%2Fcomments&post=3268"}],"version-history":[{"count":1,"href":"https:\/\/gppg.prs.hr\/index.php?rest_route=\/wp\/v2\/posts\/3268\/revisions"}],"predecessor-version":[{"id":3269,"href":"https:\/\/gppg.prs.hr\/index.php?rest_route=\/wp\/v2\/posts\/3268\/revisions\/3269"}],"wp:attachment":[{"href":"https:\/\/gppg.prs.hr\/index.php?rest_route=%2Fwp%2Fv2%2Fmedia&parent=3268"}],"wp:term":[{"taxonomy":"category","embeddable":true,"href":"https:\/\/gppg.prs.hr\/index.php?rest_route=%2Fwp%2Fv2%2Fcategories&post=3268"},{"taxonomy":"post_tag","embeddable":true,"href":"https:\/\/gppg.prs.hr\/index.php?rest_route=%2Fwp%2Fv2%2Ftags&post=3268"}],"curies":[{"name":"wp","href":"https:\/\/api.w.org\/{rel}","templated":true}]}}