{"id":3289,"date":"2021-02-03T11:36:00","date_gmt":"2021-02-03T11:36:00","guid":{"rendered":"https:\/\/gppg.prs.hr\/?p=3289"},"modified":"2021-02-23T11:38:20","modified_gmt":"2021-02-23T11:38:20","slug":"sastanak-pravobraniteljice-s-predstavnicama-resornih-tijela-drzavne-uprave","status":"publish","type":"post","link":"https:\/\/gppg.prs.hr\/?p=3289","title":{"rendered":"Sastanak pravobraniteljice s predstavnicama resornih tijela dr\u017eavne uprave"},"content":{"rendered":"\n<p>Pravobraniteljica za ravnopravnost spolova organizirala je online sastanak pod nazivom \u201e(Ne)jednake pla\u0107e i mirovine u Republici Hrvatskoj\u201c kao zavr\u0161ne faze EU projekta <a href=\"https:\/\/gppg.prs.hr\/\" target=\"_blank\" rel=\"noreferrer noopener\">\u201eJednaka prava \u2013 jednake pla\u0107e \u2013 jednake mirovine\u201c<\/a> kojeg je nositeljica. Pozivu na sastanak odazvale su &nbsp;se&nbsp; predstavnice Ministarstva rada, mirovinskog sustava, obitelji i socijalne politike, Dr\u017eavnog inspektorata RH i Sredi\u0161njeg dr\u017eavnog ureda za demografiju i mlade.<\/p>\n\n\n\n<p>Nakon uvodne rije\u010di pravobraniteljice Vi\u0161nje Ljubi\u010di\u0107 na sastanku je o rodnom jazu u pla\u0107ama i mirovinama u RH govorila dr.sc. Mirjana Adamovi\u0107 iz Instituta za dru\u0161tvena istra\u017eivanja u Zagrebu (projektnog partnera), o mehanizmima i mjerama za suzbijanje rodnog jaza u pla\u0107ama u praksi zemalja EU govorio je savjetnik pravobraniteljice, Josip \u0160ipi\u0107, a pravobraniteljica Vi\u0161nja Ljubi\u010di\u0107 predstavila je smjernice za izradu nacionalnog zakonodavnog okvira za jednake pla\u0107e i mirovine.<\/p>\n\n\n\n<p>Predstavnice tijela dr\u017eavne uprave su na kraju dale svoj osvrt uz dodatne informacije o aktivnostima koje \u0107e se provoditi vezano uz temu, a voditeljica sastanka, Mladenka Morovi\u0107, obavijestila je prisutne kako \u0107e publikacije izdate u sklopu projekta od strane pravobraniteljice i projektnih partnera biti dostavljene svim tijelima s kojima se nada u budu\u0107nosti sura\u0111ivati po svim pitanjima vezanim uz rodni jaz u pla\u0107ama i mirovinama te uklanjanje rizika od siroma\u0161tva.<\/p>\n","protected":false},"excerpt":{"rendered":"<p>Pravobraniteljica za ravnopravnost spolova organizirala je online sastanak pod nazivom \u201e(Ne)jednake pla\u0107e i mirovine u Republici Hrvatskoj\u201c kao zavr\u0161ne faze EU projekta \u201eJednaka prava \u2013 jednake pla\u0107e \u2013 jednake mirovine\u201c kojeg je nositeljica. Pozivu na sastanak odazvale su &nbsp;se&nbsp; predstavnice Ministarstva rada, mirovinskog sustava, obitelji i socijalne politike, Dr\u017eavnog inspektorata RH i Sredi\u0161njeg dr\u017eavnog ureda &hellip; <a href=\"https:\/\/gppg.prs.hr\/?p=3289\" class=\"more-link\">Continue reading<span class=\"screen-reader-text\"> &#8220;Sastanak pravobraniteljice s predstavnicama resornih tijela dr\u017eavne uprave&#8221;<\/span><\/a><\/p>\n","protected":false},"author":3,"featured_media":0,"comment_status":"closed","ping_status":"closed","sticky":true,"template":"","format":"standard","meta":{"footnotes":""},"categories":[26],"tags":[],"class_list":["post-3289","post","type-post","status-publish","format-standard","hentry","category-vijesti"],"_links":{"self":[{"href":"https:\/\/gppg.prs.hr\/index.php?rest_route=\/wp\/v2\/posts\/3289","targetHints":{"allow":["GET"]}}],"collection":[{"href":"https:\/\/gppg.prs.hr\/index.php?rest_route=\/wp\/v2\/posts"}],"about":[{"href":"https:\/\/gppg.prs.hr\/index.php?rest_route=\/wp\/v2\/types\/post"}],"author":[{"embeddable":true,"href":"https:\/\/gppg.prs.hr\/index.php?rest_route=\/wp\/v2\/users\/3"}],"replies":[{"embeddable":true,"href":"https:\/\/gppg.prs.hr\/index.php?rest_route=%2Fwp%2Fv2%2Fcomments&post=3289"}],"version-history":[{"count":1,"href":"https:\/\/gppg.prs.hr\/index.php?rest_route=\/wp\/v2\/posts\/3289\/revisions"}],"predecessor-version":[{"id":3290,"href":"https:\/\/gppg.prs.hr\/index.php?rest_route=\/wp\/v2\/posts\/3289\/revisions\/3290"}],"wp:attachment":[{"href":"https:\/\/gppg.prs.hr\/index.php?rest_route=%2Fwp%2Fv2%2Fmedia&parent=3289"}],"wp:term":[{"taxonomy":"category","embeddable":true,"href":"https:\/\/gppg.prs.hr\/index.php?rest_route=%2Fwp%2Fv2%2Fcategories&post=3289"},{"taxonomy":"post_tag","embeddable":true,"href":"https:\/\/gppg.prs.hr\/index.php?rest_route=%2Fwp%2Fv2%2Ftags&post=3289"}],"curies":[{"name":"wp","href":"https:\/\/api.w.org\/{rel}","templated":true}]}}