{"id":3291,"date":"2021-02-04T11:39:00","date_gmt":"2021-02-04T11:39:00","guid":{"rendered":"https:\/\/gppg.prs.hr\/?p=3291"},"modified":"2021-02-23T11:40:45","modified_gmt":"2021-02-23T11:40:45","slug":"sastanak-pravobraniteljice-s-clanovima-i-clanicama-saborskih-odbora","status":"publish","type":"post","link":"https:\/\/gppg.prs.hr\/?p=3291","title":{"rendered":"Sastanak pravobraniteljice s \u010dlanovima i \u010dlanicama saborskih odbora"},"content":{"rendered":"\n<p>Kao jedna od zavr\u0161nih aktivnosti EU projekta \u201eJednaka prava \u2013 jednake pla\u0107e \u2013 jednake mirovine\u201c, Pravobraniteljica za ravnopravnost spolova, kao nositeljica projekta, organizirala je i drugi radni sastanak pod nazivom<strong> \u201e(Ne)jednake pla\u0107e i mirovine u Republici Hrvatskoj\u201c<\/strong> na koji je pozvala predstavnike\/ce odbora Hrvatskog sabora. Pozivu se odazvala predsjednica Odbora za zdravstvo i socijalnu politiku, Renata Sabljar-Dra\u010devac, \u010dlanica Odbora za ljudska prava i prava nacionalnih manjina, Dragana Jeckov, tajnik Odbora za ljudska prava i prava nacionalnih manjina, Davorin Kajfe\u0161, savjetnica Odbora za lokalnu i podru\u010dnu (regionalnu) samoupravu, Snje\u017eana Kvesi\u0107 te potpredsjednica Odbora za ravnopravnost spolova, Branka Juri\u010dev-Martin\u010dev.<\/p>\n\n\n\n<p>Dnevni red je, kao i na ju\u010dera\u0161njem radnom sastanku, obuhva\u0107ao uvodnu rije\u010d pravobraniteljice Vi\u0161nje Ljubi\u010di\u0107 koja je ukratko predstavila ciljeve projekta, projektne partnere te aktivnosti, predstavljanje rezultata istra\u017eivanja koje je provedeno u sklopu projekta o rodnom jazu u pla\u0107ama i mirovinama u RH a o kojima je govorila dr.sc. Mirjana Adamovi\u0107 iz Instituta za dru\u0161tvena istra\u017eivanja u Zagrebu, mehanizme i mjere za suzbijanje rodnog jaza u pla\u0107ama u praksi zemalja EU o \u010demu je govorio savjetnik pravobraniteljice, Josip \u0160ipi\u0107.<\/p>\n\n\n\n<p>Pravobraniteljica Vi\u0161nja Ljubi\u010di\u0107 na kraju je predstavila smjernice za izradu nacionalnog zakonodavnog okvira za jednake pla\u0107e i mirovine koje su utemeljene na svim saznanjima o zate\u010denom stanju te rezultatima istra\u017eivanja provedenih u sklopu projekta. U raspravi su prisutne predstavnice odbora izrazile zabrinutost zbog podataka do kojih se do\u0161lo istra\u017eivanjem, pogotovo nepoznavanja mladih da postoji jaz u pla\u0107ama, ali i izrazile spremnost na dalju suradnju te pohvalile smjernice koje smatraju dragocjenima. Sudionice su informirane da \u0107e u narednih mjesec dana dobiti publikacije sa svim relevantnim podacima i smjernicama kako bi ih mogle nadalje koristiti.<\/p>\n","protected":false},"excerpt":{"rendered":"<p>Kao jedna od zavr\u0161nih aktivnosti EU projekta \u201eJednaka prava \u2013 jednake pla\u0107e \u2013 jednake mirovine\u201c, Pravobraniteljica za ravnopravnost spolova, kao nositeljica projekta, organizirala je i drugi radni sastanak pod nazivom \u201e(Ne)jednake pla\u0107e i mirovine u Republici Hrvatskoj\u201c na koji je pozvala predstavnike\/ce odbora Hrvatskog sabora. Pozivu se odazvala predsjednica Odbora za zdravstvo i socijalnu politiku, &hellip; <a href=\"https:\/\/gppg.prs.hr\/?p=3291\" class=\"more-link\">Continue reading<span class=\"screen-reader-text\"> &#8220;Sastanak pravobraniteljice s \u010dlanovima i \u010dlanicama saborskih odbora&#8221;<\/span><\/a><\/p>\n","protected":false},"author":3,"featured_media":0,"comment_status":"closed","ping_status":"closed","sticky":true,"template":"","format":"standard","meta":{"footnotes":""},"categories":[26],"tags":[],"class_list":["post-3291","post","type-post","status-publish","format-standard","hentry","category-vijesti"],"_links":{"self":[{"href":"https:\/\/gppg.prs.hr\/index.php?rest_route=\/wp\/v2\/posts\/3291","targetHints":{"allow":["GET"]}}],"collection":[{"href":"https:\/\/gppg.prs.hr\/index.php?rest_route=\/wp\/v2\/posts"}],"about":[{"href":"https:\/\/gppg.prs.hr\/index.php?rest_route=\/wp\/v2\/types\/post"}],"author":[{"embeddable":true,"href":"https:\/\/gppg.prs.hr\/index.php?rest_route=\/wp\/v2\/users\/3"}],"replies":[{"embeddable":true,"href":"https:\/\/gppg.prs.hr\/index.php?rest_route=%2Fwp%2Fv2%2Fcomments&post=3291"}],"version-history":[{"count":1,"href":"https:\/\/gppg.prs.hr\/index.php?rest_route=\/wp\/v2\/posts\/3291\/revisions"}],"predecessor-version":[{"id":3292,"href":"https:\/\/gppg.prs.hr\/index.php?rest_route=\/wp\/v2\/posts\/3291\/revisions\/3292"}],"wp:attachment":[{"href":"https:\/\/gppg.prs.hr\/index.php?rest_route=%2Fwp%2Fv2%2Fmedia&parent=3291"}],"wp:term":[{"taxonomy":"category","embeddable":true,"href":"https:\/\/gppg.prs.hr\/index.php?rest_route=%2Fwp%2Fv2%2Fcategories&post=3291"},{"taxonomy":"post_tag","embeddable":true,"href":"https:\/\/gppg.prs.hr\/index.php?rest_route=%2Fwp%2Fv2%2Ftags&post=3291"}],"curies":[{"name":"wp","href":"https:\/\/api.w.org\/{rel}","templated":true}]}}