{"id":3294,"date":"2020-11-24T15:22:00","date_gmt":"2020-11-24T15:22:00","guid":{"rendered":"https:\/\/gppg.prs.hr\/?p=3294"},"modified":"2021-02-25T14:54:12","modified_gmt":"2021-02-25T14:54:12","slug":"zavrsna-konferencija-i-performans","status":"publish","type":"post","link":"https:\/\/gppg.prs.hr\/?p=3294","title":{"rendered":"Zavr\u0161na konferencija i performans"},"content":{"rendered":"\n<p><strong><a href=\"https:\/\/www.youtube.com\/watch?v=WeE-CbCUdDY&amp;t=5935s\">Zavr\u0161na online konferencija i performans &#8211; video, 24.11.2020. <\/a><\/strong><\/p>\n\n\n\n<p>Zavr\u0161nom online konferencijom projekta \u201cJednaka prava \u2013 jednake pla\u0107e \u2013 jednake mirovine\u201d Pravobraniteljica za ravnopravnost spolova obilje\u017eila je EU dan jednakih pla\u0107a (EU Equal Pay Day) koji je ove godine bio 10. studenog, dan kada \u017eene, za razliku od svojih mu\u0161kih kolega, simboli\u010dno prestaju primati pla\u0107u te sljede\u0107a dva mjeseca rade besplatno.<\/p>\n\n\n\n<p>Pravobraniteljica se osvrnula na podatke o visini u pla\u0107ama i mirovinama te uzrocima rodnog jaza u pla\u0107ama i mirovinama u Hrvatskoj i EU te je iznijela kratak pregled provedenih projektnih aktivnosti. Poseban naglasak je bio na izradi strate\u0161kog dokumenta \u2013 nacrta zakonodavnog okvira o mogu\u0107im: standardima, pozitivnim mjerama i akcijama za postizanje rodne ravnopravnosti na tr\u017ei\u0161tu rada i u mirovinskom sustavu s ciljem smanjivanja rizika siroma\u0161tva za \u017eene koje \u0107e biti publicirane do kraja provedbe projekta. Neki od najva\u017enijih aspekta koji su opisani u nacrtu su uvo\u0111enje transparentnosti pla\u0107a, uklanjanja horizontalne i vertikalne segregacije, ravnopravno roditeljstvo, dostupnost javnih usluga skrbi za starije te pred\u0161kolshih servisa za djece, uklju\u010denost jedinica lokalne&nbsp; i podru\u010dne (regionalne) samouprave, unapre\u0111enje sustava prikupljanja, obrade, diseminacije i dostupnosti statisti\u010dkih podataka.<\/p>\n\n\n\n<p>Josip \u0160ipi\u0107 (Institut za dru\u0161tvena istra\u017eivanja u Zagrebu) je predstavio rezultate istra\u017eivanja na populaciji u\u010denika\/ca srednjih strukovnih \u0161kola i predstavnika\/ca javnih i privatnih poduze\u0107a, &nbsp;Anamarija Tkal\u010dec (Centar za edukaciju, savjetovanje i istra\u017eivanje) iznijela je zaklju\u010dke s provedenih edukacija u Osijeku, Splitu, Zagrebu i Rijeci a Jasna Petrovi\u0107 (Sindikat umirovljenika Hrvatske) predstavila je aktivnosti koje su provedene s ciljem smanjivanja jaza u mirovinama. Hildegard Van Hove (Institut za ravnopravnost mu\u0161karaca i \u017eena, Belgija) je ukratko predstavila stanje o rodnom jazu u pla\u0107ama i mirovinama u Belgiji putem snimljene izjave.<\/p>\n\n\n\n<p>Prikazane su snimljene izjave predstavnika\/ca podr\u017eavaju\u0107ih institucija: Josipa Aladrovi\u0107a, ministra rada, mirovinskoga sustava, obitelji i socijalne politike, Radovana Fuchsa, ministra znanosti i obrazovanja, Lidije Brkovi\u0107, glavne ravnateljice Dr\u017eavnog zavoda za statistiku te \u017deljke Josi\u0107, dr\u017eavne tajnice Sredi\u0161njeg dr\u017eavnog ureda za demografiju i mlade, te izjave predstavnika\/ca me\u0111unarodnih institucija\/organizacija: Sandre Konstatzky, pravobraniteljice za jednako postupanje (Austrija), Tene \u0160imonovi\u0107 Einwalter, zamjenice pu\u010dke pravobraniteljice i \u010delnice Izvr\u0161nog odbora Equinet-a, Magnuse Bergea, vi\u0161eg specijaliste u Me\u0111unarodnoj organizaciji rada (Ured za Srednju i Isto\u010dnu Europu), Luce Visentinija, glavnog tajnika Europske konfederacije sindikata i Agostina Siciliana, glavnog tajnika Europske federacije umirovljenika i starijih osoba.<\/p>\n\n\n\n<p>Nakon konferencije prikazan je video s predstavom \u201eSprije\u010diti, a ne lije\u010diti\u201c, koju je re\u017eirao Mario Kova\u010d a za dramaturgiju i tekst je bila zadu\u017eena Petra Radin dok su glumci\/ce bile\/i Branka Cvitkovi\u0107, Du\u0161an Goji\u0107, Gordana Gad\u017ei\u0107 i Mario Kova\u010d.<\/p>\n","protected":false},"excerpt":{"rendered":"<p>Zavr\u0161na online konferencija i performans &#8211; video, 24.11.2020. Zavr\u0161nom online konferencijom projekta \u201cJednaka prava \u2013 jednake pla\u0107e \u2013 jednake mirovine\u201d Pravobraniteljica za ravnopravnost spolova obilje\u017eila je EU dan jednakih pla\u0107a (EU Equal Pay Day) koji je ove godine bio 10. studenog, dan kada \u017eene, za razliku od svojih mu\u0161kih kolega, simboli\u010dno prestaju primati pla\u0107u te &hellip; <a href=\"https:\/\/gppg.prs.hr\/?p=3294\" class=\"more-link\">Continue reading<span class=\"screen-reader-text\"> &#8220;Zavr\u0161na konferencija i performans&#8221;<\/span><\/a><\/p>\n","protected":false},"author":3,"featured_media":0,"comment_status":"closed","ping_status":"closed","sticky":false,"template":"","format":"standard","meta":{"footnotes":""},"categories":[101],"tags":[],"class_list":["post-3294","post","type-post","status-publish","format-standard","hentry","category-video"],"_links":{"self":[{"href":"https:\/\/gppg.prs.hr\/index.php?rest_route=\/wp\/v2\/posts\/3294","targetHints":{"allow":["GET"]}}],"collection":[{"href":"https:\/\/gppg.prs.hr\/index.php?rest_route=\/wp\/v2\/posts"}],"about":[{"href":"https:\/\/gppg.prs.hr\/index.php?rest_route=\/wp\/v2\/types\/post"}],"author":[{"embeddable":true,"href":"https:\/\/gppg.prs.hr\/index.php?rest_route=\/wp\/v2\/users\/3"}],"replies":[{"embeddable":true,"href":"https:\/\/gppg.prs.hr\/index.php?rest_route=%2Fwp%2Fv2%2Fcomments&post=3294"}],"version-history":[{"count":5,"href":"https:\/\/gppg.prs.hr\/index.php?rest_route=\/wp\/v2\/posts\/3294\/revisions"}],"predecessor-version":[{"id":3329,"href":"https:\/\/gppg.prs.hr\/index.php?rest_route=\/wp\/v2\/posts\/3294\/revisions\/3329"}],"wp:attachment":[{"href":"https:\/\/gppg.prs.hr\/index.php?rest_route=%2Fwp%2Fv2%2Fmedia&parent=3294"}],"wp:term":[{"taxonomy":"category","embeddable":true,"href":"https:\/\/gppg.prs.hr\/index.php?rest_route=%2Fwp%2Fv2%2Fcategories&post=3294"},{"taxonomy":"post_tag","embeddable":true,"href":"https:\/\/gppg.prs.hr\/index.php?rest_route=%2Fwp%2Fv2%2Ftags&post=3294"}],"curies":[{"name":"wp","href":"https:\/\/api.w.org\/{rel}","templated":true}]}}