{"id":3332,"date":"2020-12-28T14:55:00","date_gmt":"2020-12-28T14:55:00","guid":{"rendered":"https:\/\/gppg.prs.hr\/?p=3332"},"modified":"2021-02-25T14:57:30","modified_gmt":"2021-02-25T14:57:30","slug":"edukacijski-video-2","status":"publish","type":"post","link":"https:\/\/gppg.prs.hr\/?p=3332","title":{"rendered":"Edukacijski video 2"},"content":{"rendered":"\n<p><strong><a href=\"https:\/\/www.youtube.com\/watch?v=29NAEMal8XA&amp;t=879s\">Edukacijski video &#8211; obilje\u017eavanje Dana jednakih pla\u0107a 4.11.2019. <\/a><\/strong><\/p>\n\n\n\n<p>Povodom obilje\u017eavanja Europskog dana jednakih pla\u0107a 4.11.2019., kada \u017eene, za razliku od svojih mu\u0161kih kolega, simboli\u010dno prestaju primati pla\u0107u te sljede\u0107a dva mjeseca rade besplatno, Pravobraniteljica za ravnopravnost spolova je u Teatru &amp;TD organizirala tiskovnu konferenciju nakon koje je izvedena kazali\u0161na predstava \u201cNovac je imenica mu\u0161kog roda. Obilje\u017eavanje Dana jednakih pla\u0107a organizirano je u sklopu EU projekta \u201cJednaka prava \u2013 jednake pla\u0107e \u2013 jednake mirovine\u201d kojeg je nositeljica Pravobraniteljica za ravnopravnost spolova i \u010diji je cilj dostizanje rodne ravnopravnosti i sprje\u010davanja siroma\u0161tva u Hrvatskoj.<\/p>\n\n\n\n<p>Na tiskovnoj konferenciji govorili su: pravobraniteljica za ravnopravnost spolova Vi\u0161nja Ljubi\u010di\u0107, ministrica znanosti i obrazovanja, prof.dr.sc. Bla\u017eenka Divjak, izaslanica predsjednika Vlade RH, dr\u017eavna tajnica u Ministarstvu za demografiju, obitelj, mlade i socijalnu politiku, Marija Pletikosa te predstavnici\/e partnerskih organizacija na projektu: Josip \u0160ipi\u0107 (Institut za dru\u0161tvena istra\u017eivanja u Zagrebu), Anamarija Tkal\u010dec (CESI-Centar za edukaciju, savjetovanje i istra\u017eivanje) i Igor Kne\u017eevi\u0107 (Sindikat umirovljenika Hrvatske).<\/p>\n\n\n\n<p>Pravobraniteljica se osvrnula na statisti\u010dke pokazatelje neravnopravnosti \u017eena i mu\u0161karaca na tr\u017ei\u0161tu rada koja dovodi do jaza u pla\u0107ama i mirovinama. \u017dene u Europskoj uniji i dalje zara\u0111uju 16,2% manje od mu\u0161karaca pa i Europski dan jednakih pla\u0107a pada na datum od kojeg te\u010de zavr\u0161nih 16% radne godine. Uzroci nejednakih pla\u0107a su vi\u0161estruki, a uklju\u010duju \u010dinjenicu da \u017eene \u010de\u0161\u0107e rade u nepunom radnom vremenu, da rade u slabije pla\u0107enim sektorima, da se pri napredovanju suo\u010davaju sa staklenim stropom te da \u010de\u0161\u0107e moraju preuzimati odgovornost za obiteljske i ku\u0107anske obveze. Prema podacima Dr\u017eavnog zavoda za statistiku za 2016. godinu, \u017eene su zara\u0111ivale 13,2% manje nego mu\u0161karci. Kada je rije\u010d o radnoj aktivnosti, udio \u017eena u aktivnom stanovni\u0161tvu je 46,4%. Najvi\u0161e zabrinjava visoka razlika stope radne aktivnosti \u017eena i mu\u0161karaca u dobnoj skupini od 50 do 64 godine koja iznosi \u010dak 15,3 postotna poena. Mogu\u0107e je da je razlog tome ve\u0107a posve\u0107enost \u017eena navedene dobne skupine brizi o ku\u0107anstvu i \u010dlanovima obitelji.<\/p>\n\n\n\n<p>Jaz u mirovinama izravno je povezan s postoje\u0107im jazom u pla\u0107ama te se na taj na\u010din nepovoljniji polo\u017eaj \u017eena i povi\u0161en rizik od njihovog siroma\u0161tva nastavlja i nakon izlaska s tr\u017ei\u0161ta rada. Jaz u mirovinama izme\u0111u mu\u0161karaca i \u017eena u RH iznosi 21,6%. Razlikom u mirovinama izme\u0111u \u017eena i mu\u0161karaca pogor\u0161ava se situacija \u017eena te ih se ostavlja izlo\u017eenima socijalnoj isklju\u010denosti, stalnom siroma\u0161tvu i ekonomskoj ovisnosti, posebice od strane njihovih bra\u010dnih i izvanbra\u010dnih partnera. Razlike u mirovinama odra\u017eavaju i segregaciju na tr\u017ei\u0161tu rada te ukazuju na ve\u0107i postotak \u017eena koje rade nepuno radno vrijeme, za ni\u017eu satnicu, uz prekide u radnom odnosu i s manjim brojem godina radnog sta\u017ea zbog nepla\u0107enog rada koji obavljaju kao majke i njegovateljice u svojim obiteljima. U kontekstu navedenog, a \u0161to se tako\u0111er navodi i u Izvje\u0161\u0107u Europskog parlamenta, o\u010dito je kako je razlika u mirovinama pozitivno povezana s brojem podignute djece tijekom \u017eivota te da je ta razlika u mirovini mu\u0161karaca i \u017eena u slu\u010daju udanih \u017eena i majki mnogo ve\u0107a od one neudanih \u017eena koje nemaju djecu. Nakon tiskovne konferencije pred prepunom dvoranom odigrana je predstava \u201eNovac je imenica mu\u0161kog roda\u201c za koji je tekst napisala Petra Radin, re\u017eiju je potpisao Mario Kova\u010d, a igrali su Petra Te\u017eak, Petra Radin i Mario Kova\u010d. Predstava, koja se temelji na realnim ekonomskim pokazateljima, progovara o rodnoj neravnopravnosti na tr\u017ei\u0161tu rada. Doga\u0111aj je realiziran u suradnji sa Studentskim centrom u Zagrebu.<\/p>\n","protected":false},"excerpt":{"rendered":"<p>Edukacijski video &#8211; obilje\u017eavanje Dana jednakih pla\u0107a 4.11.2019. Povodom obilje\u017eavanja Europskog dana jednakih pla\u0107a 4.11.2019., kada \u017eene, za razliku od svojih mu\u0161kih kolega, simboli\u010dno prestaju primati pla\u0107u te sljede\u0107a dva mjeseca rade besplatno, Pravobraniteljica za ravnopravnost spolova je u Teatru &amp;TD organizirala tiskovnu konferenciju nakon koje je izvedena kazali\u0161na predstava \u201cNovac je imenica mu\u0161kog roda. &hellip; <a href=\"https:\/\/gppg.prs.hr\/?p=3332\" class=\"more-link\">Continue reading<span class=\"screen-reader-text\"> &#8220;Edukacijski video 2&#8221;<\/span><\/a><\/p>\n","protected":false},"author":3,"featured_media":0,"comment_status":"closed","ping_status":"closed","sticky":false,"template":"","format":"standard","meta":{"footnotes":""},"categories":[101],"tags":[],"class_list":["post-3332","post","type-post","status-publish","format-standard","hentry","category-video"],"_links":{"self":[{"href":"https:\/\/gppg.prs.hr\/index.php?rest_route=\/wp\/v2\/posts\/3332","targetHints":{"allow":["GET"]}}],"collection":[{"href":"https:\/\/gppg.prs.hr\/index.php?rest_route=\/wp\/v2\/posts"}],"about":[{"href":"https:\/\/gppg.prs.hr\/index.php?rest_route=\/wp\/v2\/types\/post"}],"author":[{"embeddable":true,"href":"https:\/\/gppg.prs.hr\/index.php?rest_route=\/wp\/v2\/users\/3"}],"replies":[{"embeddable":true,"href":"https:\/\/gppg.prs.hr\/index.php?rest_route=%2Fwp%2Fv2%2Fcomments&post=3332"}],"version-history":[{"count":1,"href":"https:\/\/gppg.prs.hr\/index.php?rest_route=\/wp\/v2\/posts\/3332\/revisions"}],"predecessor-version":[{"id":3333,"href":"https:\/\/gppg.prs.hr\/index.php?rest_route=\/wp\/v2\/posts\/3332\/revisions\/3333"}],"wp:attachment":[{"href":"https:\/\/gppg.prs.hr\/index.php?rest_route=%2Fwp%2Fv2%2Fmedia&parent=3332"}],"wp:term":[{"taxonomy":"category","embeddable":true,"href":"https:\/\/gppg.prs.hr\/index.php?rest_route=%2Fwp%2Fv2%2Fcategories&post=3332"},{"taxonomy":"post_tag","embeddable":true,"href":"https:\/\/gppg.prs.hr\/index.php?rest_route=%2Fwp%2Fv2%2Ftags&post=3332"}],"curies":[{"name":"wp","href":"https:\/\/api.w.org\/{rel}","templated":true}]}}